{"id":157,"date":"2021-10-26T16:18:41","date_gmt":"2021-10-26T16:18:41","guid":{"rendered":"https:\/\/fmdelpueblo.ar\/?p=157"},"modified":"2021-10-26T16:18:41","modified_gmt":"2021-10-26T16:18:41","slug":"roberto-feletti-apunto-contra-dos-cadenas-de-supermercados-y-dijo-que-pueden-complicar-el-congelamiento-de-precios","status":"publish","type":"post","link":"http:\/\/fmdelpueblo.ar\/?p=157","title":{"rendered":"Roberto Feletti apunt\u00f3 contra dos cadenas de supermercados y dijo que \u00abpueden complicar el congelamiento de precios\u00bb"},"content":{"rendered":"<\/p>\n<p>El secretario de Comercio Interior, se\u00f1al\u00f3 que dos firmas quieren mantener m\u00e1rgenes de ganancia del 30%. \u00abEstamos preocupados y vamos a intervenir\u00bb, asegur\u00f3. <a href=\"https:\/\/www.perfil.com\/noticias\/politica\/feletti.phtml\">Leer m\u00e1s<\/a><\/p>\n","protected":false},"excerpt":{"rendered":"<p>El secretario de Comercio Interior, se\u00f1al\u00f3 que dos firmas quieren mantener m\u00e1rgenes de ganancia del 30%. \u00abEstamos preocupados y vamos a intervenir\u00bb, asegur\u00f3. Leer m\u00e1s<\/p>\n","protected":false},"author":0,"featured_media":0,"comment_status":"","ping_status":"","sticky":false,"template":"","format":"standard","meta":{"footnotes":""},"categories":[1],"tags":[],"class_list":["post-157","post","type-post","status-publish","format-standard","hentry","category-sin-categoria"],"_links":{"self":[{"href":"http:\/\/fmdelpueblo.ar\/index.php?rest_route=\/wp\/v2\/posts\/157","targetHints":{"allow":["GET"]}}],"collection":[{"href":"http:\/\/fmdelpueblo.ar\/index.php?rest_route=\/wp\/v2\/posts"}],"about":[{"href":"http:\/\/fmdelpueblo.ar\/index.php?rest_route=\/wp\/v2\/types\/post"}],"replies":[{"embeddable":true,"href":"http:\/\/fmdelpueblo.ar\/index.php?rest_route=%2Fwp%2Fv2%2Fcomments&post=157"}],"version-history":[{"count":0,"href":"http:\/\/fmdelpueblo.ar\/index.php?rest_route=\/wp\/v2\/posts\/157\/revisions"}],"wp:attachment":[{"href":"http:\/\/fmdelpueblo.ar\/index.php?rest_route=%2Fwp%2Fv2%2Fmedia&parent=157"}],"wp:term":[{"taxonomy":"category","embeddable":true,"href":"http:\/\/fmdelpueblo.ar\/index.php?rest_route=%2Fwp%2Fv2%2Fcategories&post=157"},{"taxonomy":"post_tag","embeddable":true,"href":"http:\/\/fmdelpueblo.ar\/index.php?rest_route=%2Fwp%2Fv2%2Ftags&post=157"}],"curies":[{"name":"wp","href":"https:\/\/api.w.org\/{rel}","templated":true}]}}