{"id":156,"date":"2021-10-26T14:19:12","date_gmt":"2021-10-26T14:19:12","guid":{"rendered":"https:\/\/fmdelpueblo.ar\/?p=156"},"modified":"2021-10-26T14:19:12","modified_gmt":"2021-10-26T14:19:12","slug":"jubilaciones-pensiones-prestacion-por-desempleo-y-programa-hogar-anses-quienes-cobran-hoy-26-de-octubre","status":"publish","type":"post","link":"http:\/\/fmdelpueblo.ar\/?p=156","title":{"rendered":"Jubilaciones, Pensiones, Prestaci\u00f3n por Desempleo y Programa Hogar Anses: qui\u00e9nes cobran hoy 26 de octubre"},"content":{"rendered":"<\/p>\n<p>La Administraci\u00f3n Nacional de Seguridad Social comunic\u00f3 el calendario de pagos de este martes. Entr\u00e1 y fijate si te corresponde. <a href=\"https:\/\/www.perfil.com\/noticias\/economia\/jubilaciones-pensiones-prestacion-por-desempleo-y-programa-hogar-anses-quienes-cobran-hoy-26-de-octubre.phtml\">Leer m\u00e1s<\/a><\/p>\n","protected":false},"excerpt":{"rendered":"<p>La Administraci\u00f3n Nacional de Seguridad Social comunic\u00f3 el calendario de pagos de este martes. Entr\u00e1 y fijate si te corresponde. Leer m\u00e1s<\/p>\n","protected":false},"author":0,"featured_media":0,"comment_status":"","ping_status":"","sticky":false,"template":"","format":"standard","meta":{"footnotes":""},"categories":[1],"tags":[],"class_list":["post-156","post","type-post","status-publish","format-standard","hentry","category-sin-categoria"],"_links":{"self":[{"href":"http:\/\/fmdelpueblo.ar\/index.php?rest_route=\/wp\/v2\/posts\/156","targetHints":{"allow":["GET"]}}],"collection":[{"href":"http:\/\/fmdelpueblo.ar\/index.php?rest_route=\/wp\/v2\/posts"}],"about":[{"href":"http:\/\/fmdelpueblo.ar\/index.php?rest_route=\/wp\/v2\/types\/post"}],"replies":[{"embeddable":true,"href":"http:\/\/fmdelpueblo.ar\/index.php?rest_route=%2Fwp%2Fv2%2Fcomments&post=156"}],"version-history":[{"count":0,"href":"http:\/\/fmdelpueblo.ar\/index.php?rest_route=\/wp\/v2\/posts\/156\/revisions"}],"wp:attachment":[{"href":"http:\/\/fmdelpueblo.ar\/index.php?rest_route=%2Fwp%2Fv2%2Fmedia&parent=156"}],"wp:term":[{"taxonomy":"category","embeddable":true,"href":"http:\/\/fmdelpueblo.ar\/index.php?rest_route=%2Fwp%2Fv2%2Fcategories&post=156"},{"taxonomy":"post_tag","embeddable":true,"href":"http:\/\/fmdelpueblo.ar\/index.php?rest_route=%2Fwp%2Fv2%2Ftags&post=156"}],"curies":[{"name":"wp","href":"https:\/\/api.w.org\/{rel}","templated":true}]}}