{"id":155,"date":"2021-10-26T14:19:12","date_gmt":"2021-10-26T14:19:12","guid":{"rendered":"https:\/\/fmdelpueblo.ar\/?p=155"},"modified":"2021-10-26T14:19:12","modified_gmt":"2021-10-26T14:19:12","slug":"anibal-fernandez-no-veo-un-golpe-blando-pero-tampoco-creo-que-hay-que-vivir-entre-algodones","status":"publish","type":"post","link":"http:\/\/fmdelpueblo.ar\/?p=155","title":{"rendered":"An\u00edbal Fern\u00e1ndez: \u201cNo veo un golpe blando, pero tampoco creo que hay que vivir entre algodones\u201d"},"content":{"rendered":"<\/p>\n<p>El funcionario destac\u00f3 que la postura de Sergio Berni \u201cno se entiende bien ni a d\u00f3nde viene y a d\u00f3nde quiere ir\u201d. Adem\u00e1s, se\u00f1al\u00f3 que \u201cle dan tanto volumen pol\u00edtico y medi\u00e1tico a lo que pasa en Rio Negro porque el 14 hay elecciones\u201d. <a href=\"https:\/\/www.perfil.com\/noticias\/politica\/anibal-fernandez-no-veo-un-golpe-blando-pero-tampoco-creo-que-hay-que-vivir-entre-algodones.phtml\">Leer m\u00e1s<\/a><\/p>\n","protected":false},"excerpt":{"rendered":"<p>El funcionario destac\u00f3 que la postura de Sergio Berni \u201cno se entiende bien ni a d\u00f3nde viene y a d\u00f3nde quiere ir\u201d. Adem\u00e1s, se\u00f1al\u00f3 que \u201cle dan tanto volumen pol\u00edtico y medi\u00e1tico a lo que pasa en Rio Negro porque el 14 hay elecciones\u201d. Leer m\u00e1s<\/p>\n","protected":false},"author":0,"featured_media":0,"comment_status":"","ping_status":"","sticky":false,"template":"","format":"standard","meta":{"footnotes":""},"categories":[1],"tags":[],"class_list":["post-155","post","type-post","status-publish","format-standard","hentry","category-sin-categoria"],"_links":{"self":[{"href":"http:\/\/fmdelpueblo.ar\/index.php?rest_route=\/wp\/v2\/posts\/155","targetHints":{"allow":["GET"]}}],"collection":[{"href":"http:\/\/fmdelpueblo.ar\/index.php?rest_route=\/wp\/v2\/posts"}],"about":[{"href":"http:\/\/fmdelpueblo.ar\/index.php?rest_route=\/wp\/v2\/types\/post"}],"replies":[{"embeddable":true,"href":"http:\/\/fmdelpueblo.ar\/index.php?rest_route=%2Fwp%2Fv2%2Fcomments&post=155"}],"version-history":[{"count":0,"href":"http:\/\/fmdelpueblo.ar\/index.php?rest_route=\/wp\/v2\/posts\/155\/revisions"}],"wp:attachment":[{"href":"http:\/\/fmdelpueblo.ar\/index.php?rest_route=%2Fwp%2Fv2%2Fmedia&parent=155"}],"wp:term":[{"taxonomy":"category","embeddable":true,"href":"http:\/\/fmdelpueblo.ar\/index.php?rest_route=%2Fwp%2Fv2%2Fcategories&post=155"},{"taxonomy":"post_tag","embeddable":true,"href":"http:\/\/fmdelpueblo.ar\/index.php?rest_route=%2Fwp%2Fv2%2Ftags&post=155"}],"curies":[{"name":"wp","href":"https:\/\/api.w.org\/{rel}","templated":true}]}}