{"id":149,"date":"2021-10-26T13:16:27","date_gmt":"2021-10-26T13:16:27","guid":{"rendered":"https:\/\/fmdelpueblo.ar\/?p=149"},"modified":"2021-10-26T13:16:27","modified_gmt":"2021-10-26T13:16:27","slug":"nicolas-kreplak-descarto-la-vuelta-a-las-restricciones-aunque-la-delta-es-variante-mayoritaria","status":"publish","type":"post","link":"http:\/\/fmdelpueblo.ar\/?p=149","title":{"rendered":"Nicol\u00e1s Kreplak descart\u00f3 la vuelta a las restricciones, aunque \u201cla Delta es variante mayoritaria\u201d"},"content":{"rendered":"<\/p>\n<p>El ministro de Salud descart\u00f3 una vuelta atr\u00e1s en los protocolos, pero se\u00f1al\u00f3 que est\u00e1n atentos porque \u201cen CABA el aumento de casos es el doble que en provincia\u201d y \u00abpreocupa\u00bb que eso se replique al resto del AMBA.<br \/>\n <a href=\"https:\/\/www.perfil.com\/noticias\/politica\/nicolas-kreplak-descarto-la-vuelta-a-las-restricciones-aunque-la-delta-es-variante-mayoritaria.phtml\">Leer m\u00e1s<\/a><\/p>\n","protected":false},"excerpt":{"rendered":"<p>El ministro de Salud descart\u00f3 una vuelta atr\u00e1s en los protocolos, pero se\u00f1al\u00f3 que est\u00e1n atentos porque \u201cen CABA el aumento de casos es el doble que en provincia\u201d y \u00abpreocupa\u00bb que eso se replique al resto del AMBA. Leer m\u00e1s<\/p>\n","protected":false},"author":0,"featured_media":0,"comment_status":"","ping_status":"","sticky":false,"template":"","format":"standard","meta":{"footnotes":""},"categories":[1],"tags":[],"class_list":["post-149","post","type-post","status-publish","format-standard","hentry","category-sin-categoria"],"_links":{"self":[{"href":"http:\/\/fmdelpueblo.ar\/index.php?rest_route=\/wp\/v2\/posts\/149","targetHints":{"allow":["GET"]}}],"collection":[{"href":"http:\/\/fmdelpueblo.ar\/index.php?rest_route=\/wp\/v2\/posts"}],"about":[{"href":"http:\/\/fmdelpueblo.ar\/index.php?rest_route=\/wp\/v2\/types\/post"}],"replies":[{"embeddable":true,"href":"http:\/\/fmdelpueblo.ar\/index.php?rest_route=%2Fwp%2Fv2%2Fcomments&post=149"}],"version-history":[{"count":0,"href":"http:\/\/fmdelpueblo.ar\/index.php?rest_route=\/wp\/v2\/posts\/149\/revisions"}],"wp:attachment":[{"href":"http:\/\/fmdelpueblo.ar\/index.php?rest_route=%2Fwp%2Fv2%2Fmedia&parent=149"}],"wp:term":[{"taxonomy":"category","embeddable":true,"href":"http:\/\/fmdelpueblo.ar\/index.php?rest_route=%2Fwp%2Fv2%2Fcategories&post=149"},{"taxonomy":"post_tag","embeddable":true,"href":"http:\/\/fmdelpueblo.ar\/index.php?rest_route=%2Fwp%2Fv2%2Ftags&post=149"}],"curies":[{"name":"wp","href":"https:\/\/api.w.org\/{rel}","templated":true}]}}