{"id":148,"date":"2021-10-26T13:16:27","date_gmt":"2021-10-26T13:16:27","guid":{"rendered":"https:\/\/fmdelpueblo.ar\/?p=148"},"modified":"2021-10-26T13:16:27","modified_gmt":"2021-10-26T13:16:27","slug":"con-alberto-fernandez-como-unico-orador-la-campora-prepara-el-homenaje-a-nestor-kirchner","status":"publish","type":"post","link":"http:\/\/fmdelpueblo.ar\/?p=148","title":{"rendered":"Con Alberto Fern\u00e1ndez como \u00fanico orador, La C\u00e1mpora prepara el homenaje a N\u00e9stor Kirchner"},"content":{"rendered":"<\/p>\n<p>El acto se llevar\u00e1 cabo en el Club Deportivo Mor\u00f3n y contar\u00e1 con la presencia del Presidente, funcionarios, militantes y dirigentes del peronismo. La consigna de la convocatoria ser\u00e1 \u00abPrimero se crece, despu\u00e9s se paga\u00bb en relaci\u00f3n a las negociaciones con el FMI. <a href=\"https:\/\/www.perfil.com\/noticias\/politica\/con-alberto-fernandez-como-unico-orador-el-kirchnerismo-prepara-el-homenaje-a-nestor-kirchner.phtml\">Leer m\u00e1s<\/a><\/p>\n","protected":false},"excerpt":{"rendered":"<p>El acto se llevar\u00e1 cabo en el Club Deportivo Mor\u00f3n y contar\u00e1 con la presencia del Presidente, funcionarios, militantes y dirigentes del peronismo. La consigna de la convocatoria ser\u00e1 \u00abPrimero se crece, despu\u00e9s se paga\u00bb en relaci\u00f3n a las negociaciones con el FMI. Leer m\u00e1s<\/p>\n","protected":false},"author":0,"featured_media":0,"comment_status":"","ping_status":"","sticky":false,"template":"","format":"standard","meta":{"footnotes":""},"categories":[1],"tags":[],"class_list":["post-148","post","type-post","status-publish","format-standard","hentry","category-sin-categoria"],"_links":{"self":[{"href":"http:\/\/fmdelpueblo.ar\/index.php?rest_route=\/wp\/v2\/posts\/148","targetHints":{"allow":["GET"]}}],"collection":[{"href":"http:\/\/fmdelpueblo.ar\/index.php?rest_route=\/wp\/v2\/posts"}],"about":[{"href":"http:\/\/fmdelpueblo.ar\/index.php?rest_route=\/wp\/v2\/types\/post"}],"replies":[{"embeddable":true,"href":"http:\/\/fmdelpueblo.ar\/index.php?rest_route=%2Fwp%2Fv2%2Fcomments&post=148"}],"version-history":[{"count":0,"href":"http:\/\/fmdelpueblo.ar\/index.php?rest_route=\/wp\/v2\/posts\/148\/revisions"}],"wp:attachment":[{"href":"http:\/\/fmdelpueblo.ar\/index.php?rest_route=%2Fwp%2Fv2%2Fmedia&parent=148"}],"wp:term":[{"taxonomy":"category","embeddable":true,"href":"http:\/\/fmdelpueblo.ar\/index.php?rest_route=%2Fwp%2Fv2%2Fcategories&post=148"},{"taxonomy":"post_tag","embeddable":true,"href":"http:\/\/fmdelpueblo.ar\/index.php?rest_route=%2Fwp%2Fv2%2Ftags&post=148"}],"curies":[{"name":"wp","href":"https:\/\/api.w.org\/{rel}","templated":true}]}}