{"id":144,"date":"2021-10-26T13:16:27","date_gmt":"2021-10-26T13:16:27","guid":{"rendered":"https:\/\/fmdelpueblo.ar\/?p=144"},"modified":"2021-10-26T13:16:27","modified_gmt":"2021-10-26T13:16:27","slug":"un-asesinato-que-cuestiona-el-valor-de-las-cosas-mas-preciadas","status":"publish","type":"post","link":"http:\/\/fmdelpueblo.ar\/?p=144","title":{"rendered":"Un asesinato que cuestiona el valor de las cosas m\u00e1s preciadas"},"content":{"rendered":"<\/p>\n<p>En el teatro La Mueca se presenta todos los jueves una obra del dramaturgo argentino Juan Alvarez Prado con m\u00fasica original de Hern\u00e1n L\u00f3pez Sosa. Aqu\u00ed los j\u00f3venes protagonistas exhiben orgullosos su pasi\u00f3n por la tablas en una entrega total.  <a href=\"https:\/\/www.perfil.com\/noticias\/vivo\/un-asesinato-que-cuestiona-el-valor-de-las-cosas-mas-preciadas.phtml\">Leer m\u00e1s<\/a><\/p>\n","protected":false},"excerpt":{"rendered":"<p>En el teatro La Mueca se presenta todos los jueves una obra del dramaturgo argentino Juan Alvarez Prado con m\u00fasica original de Hern\u00e1n L\u00f3pez Sosa. Aqu\u00ed los j\u00f3venes protagonistas exhiben orgullosos su pasi\u00f3n por la tablas en una entrega total. Leer m\u00e1s<\/p>\n","protected":false},"author":0,"featured_media":0,"comment_status":"","ping_status":"","sticky":false,"template":"","format":"standard","meta":{"footnotes":""},"categories":[1],"tags":[],"class_list":["post-144","post","type-post","status-publish","format-standard","hentry","category-sin-categoria"],"_links":{"self":[{"href":"http:\/\/fmdelpueblo.ar\/index.php?rest_route=\/wp\/v2\/posts\/144","targetHints":{"allow":["GET"]}}],"collection":[{"href":"http:\/\/fmdelpueblo.ar\/index.php?rest_route=\/wp\/v2\/posts"}],"about":[{"href":"http:\/\/fmdelpueblo.ar\/index.php?rest_route=\/wp\/v2\/types\/post"}],"replies":[{"embeddable":true,"href":"http:\/\/fmdelpueblo.ar\/index.php?rest_route=%2Fwp%2Fv2%2Fcomments&post=144"}],"version-history":[{"count":0,"href":"http:\/\/fmdelpueblo.ar\/index.php?rest_route=\/wp\/v2\/posts\/144\/revisions"}],"wp:attachment":[{"href":"http:\/\/fmdelpueblo.ar\/index.php?rest_route=%2Fwp%2Fv2%2Fmedia&parent=144"}],"wp:term":[{"taxonomy":"category","embeddable":true,"href":"http:\/\/fmdelpueblo.ar\/index.php?rest_route=%2Fwp%2Fv2%2Fcategories&post=144"},{"taxonomy":"post_tag","embeddable":true,"href":"http:\/\/fmdelpueblo.ar\/index.php?rest_route=%2Fwp%2Fv2%2Ftags&post=144"}],"curies":[{"name":"wp","href":"https:\/\/api.w.org\/{rel}","templated":true}]}}