{"id":14216,"date":"2022-05-02T16:09:35","date_gmt":"2022-05-02T16:09:35","guid":{"rendered":"https:\/\/fmdelpueblo.ar\/?p=14216"},"modified":"2022-05-02T16:09:35","modified_gmt":"2022-05-02T16:09:35","slug":"alberto-samid-como-aca-vamos-a-ganar-300-dolares-y-los-gringos-ganan-5-000","status":"publish","type":"post","link":"http:\/\/fmdelpueblo.ar\/?p=14216","title":{"rendered":"Alberto Samid: \u00ab\u00bfC\u00f3mo ac\u00e1 vamos a ganar 300 d\u00f3lares y los gringos ganan 5.000?\u00bb"},"content":{"rendered":"<\/p>\n<p>El empresario de la carne pidi\u00f3 \u00abun giro de 180 grados\u00bb y propuso cambios econ\u00f3micos: \u00abLas retenciones tienen que ser cero y hay que pagar lo que vale el d\u00f3lar: 200 pesos\u00bb, dijo. <a href=\"https:\/\/www.perfil.com\/noticias\/politica\/alberto-samid-sobre-2023-si-no-damos-un-vuelco-de-180-grados-el-ano-que-viene-somos-boleta.phtml\">Leer m\u00e1s<\/a><\/p>\n","protected":false},"excerpt":{"rendered":"<p>El empresario de la carne pidi\u00f3 \u00abun giro de 180 grados\u00bb y propuso cambios econ\u00f3micos: \u00abLas retenciones tienen que ser cero y hay que pagar lo que vale el d\u00f3lar: 200 pesos\u00bb, dijo. Leer m\u00e1s<\/p>\n","protected":false},"author":0,"featured_media":0,"comment_status":"","ping_status":"","sticky":false,"template":"","format":"standard","meta":{"footnotes":""},"categories":[1],"tags":[],"class_list":["post-14216","post","type-post","status-publish","format-standard","hentry","category-sin-categoria"],"_links":{"self":[{"href":"http:\/\/fmdelpueblo.ar\/index.php?rest_route=\/wp\/v2\/posts\/14216","targetHints":{"allow":["GET"]}}],"collection":[{"href":"http:\/\/fmdelpueblo.ar\/index.php?rest_route=\/wp\/v2\/posts"}],"about":[{"href":"http:\/\/fmdelpueblo.ar\/index.php?rest_route=\/wp\/v2\/types\/post"}],"replies":[{"embeddable":true,"href":"http:\/\/fmdelpueblo.ar\/index.php?rest_route=%2Fwp%2Fv2%2Fcomments&post=14216"}],"version-history":[{"count":0,"href":"http:\/\/fmdelpueblo.ar\/index.php?rest_route=\/wp\/v2\/posts\/14216\/revisions"}],"wp:attachment":[{"href":"http:\/\/fmdelpueblo.ar\/index.php?rest_route=%2Fwp%2Fv2%2Fmedia&parent=14216"}],"wp:term":[{"taxonomy":"category","embeddable":true,"href":"http:\/\/fmdelpueblo.ar\/index.php?rest_route=%2Fwp%2Fv2%2Fcategories&post=14216"},{"taxonomy":"post_tag","embeddable":true,"href":"http:\/\/fmdelpueblo.ar\/index.php?rest_route=%2Fwp%2Fv2%2Ftags&post=14216"}],"curies":[{"name":"wp","href":"https:\/\/api.w.org\/{rel}","templated":true}]}}