{"id":14213,"date":"2022-05-02T15:09:03","date_gmt":"2022-05-02T15:09:03","guid":{"rendered":"http:\/\/fmdelpueblo.ar\/?p=14213"},"modified":"2022-05-02T15:09:03","modified_gmt":"2022-05-02T15:09:03","slug":"el-banco-central-pide-la-hora-faltan-verdes","status":"publish","type":"post","link":"http:\/\/fmdelpueblo.ar\/?p=14213","title":{"rendered":"El Banco Central pide la hora, faltan verdes"},"content":{"rendered":"<\/p>\n<p>Las reservas son muy escasas. Se vienen m\u00e1s restricciones para las importaciones y viajes al exterior. El d\u00f3lar subir\u00e1 mucho en el segundo semestre.<br \/>\n <a href=\"https:\/\/www.perfil.com\/noticias\/economia\/el-banco-central-pide-la-hora-faltan-verdes.phtml\">Leer m\u00e1s<\/a><\/p>\n","protected":false},"excerpt":{"rendered":"<p>Las reservas son muy escasas. Se vienen m\u00e1s restricciones para las importaciones y viajes al exterior. El d\u00f3lar subir\u00e1 mucho en el segundo semestre. Leer m\u00e1s<\/p>\n","protected":false},"author":0,"featured_media":0,"comment_status":"","ping_status":"","sticky":false,"template":"","format":"standard","meta":{"footnotes":""},"categories":[1],"tags":[],"class_list":["post-14213","post","type-post","status-publish","format-standard","hentry","category-sin-categoria"],"_links":{"self":[{"href":"http:\/\/fmdelpueblo.ar\/index.php?rest_route=\/wp\/v2\/posts\/14213","targetHints":{"allow":["GET"]}}],"collection":[{"href":"http:\/\/fmdelpueblo.ar\/index.php?rest_route=\/wp\/v2\/posts"}],"about":[{"href":"http:\/\/fmdelpueblo.ar\/index.php?rest_route=\/wp\/v2\/types\/post"}],"replies":[{"embeddable":true,"href":"http:\/\/fmdelpueblo.ar\/index.php?rest_route=%2Fwp%2Fv2%2Fcomments&post=14213"}],"version-history":[{"count":0,"href":"http:\/\/fmdelpueblo.ar\/index.php?rest_route=\/wp\/v2\/posts\/14213\/revisions"}],"wp:attachment":[{"href":"http:\/\/fmdelpueblo.ar\/index.php?rest_route=%2Fwp%2Fv2%2Fmedia&parent=14213"}],"wp:term":[{"taxonomy":"category","embeddable":true,"href":"http:\/\/fmdelpueblo.ar\/index.php?rest_route=%2Fwp%2Fv2%2Fcategories&post=14213"},{"taxonomy":"post_tag","embeddable":true,"href":"http:\/\/fmdelpueblo.ar\/index.php?rest_route=%2Fwp%2Fv2%2Ftags&post=14213"}],"curies":[{"name":"wp","href":"https:\/\/api.w.org\/{rel}","templated":true}]}}