{"id":14212,"date":"2022-05-02T15:09:02","date_gmt":"2022-05-02T15:09:02","guid":{"rendered":"http:\/\/fmdelpueblo.ar\/?p=14212"},"modified":"2022-05-02T15:09:02","modified_gmt":"2022-05-02T15:09:02","slug":"a-dos-anos-de-la-pandemia-los-trabajadores-de-la-administracion-publica-vuelven-a-la-presencialidad","status":"publish","type":"post","link":"http:\/\/fmdelpueblo.ar\/?p=14212","title":{"rendered":"A dos a\u00f1os de la pandemia, los trabajadores de la administraci\u00f3n p\u00fablica vuelven a la presencialidad"},"content":{"rendered":"<\/p>\n<p>Los Decretos de Necesidad y Urgencia que establecieron la modalidad de trabajo virtual dejaron de estar vigentes para la administraci\u00f3n p\u00fablica. A partir de este lunes regresa la presencialidad plena, se mantienen los cuidados y algunas excepciones. <a href=\"https:\/\/www.perfil.com\/noticias\/actualidad\/la-administracion-publica-retoma-el-trabajo-presencial.phtml\">Leer m\u00e1s<\/a><\/p>\n","protected":false},"excerpt":{"rendered":"<p>Los Decretos de Necesidad y Urgencia que establecieron la modalidad de trabajo virtual dejaron de estar vigentes para la administraci\u00f3n p\u00fablica. A partir de este lunes regresa la presencialidad plena, se mantienen los cuidados y algunas excepciones. Leer m\u00e1s<\/p>\n","protected":false},"author":0,"featured_media":0,"comment_status":"","ping_status":"","sticky":false,"template":"","format":"standard","meta":{"footnotes":""},"categories":[1],"tags":[],"class_list":["post-14212","post","type-post","status-publish","format-standard","hentry","category-sin-categoria"],"_links":{"self":[{"href":"http:\/\/fmdelpueblo.ar\/index.php?rest_route=\/wp\/v2\/posts\/14212","targetHints":{"allow":["GET"]}}],"collection":[{"href":"http:\/\/fmdelpueblo.ar\/index.php?rest_route=\/wp\/v2\/posts"}],"about":[{"href":"http:\/\/fmdelpueblo.ar\/index.php?rest_route=\/wp\/v2\/types\/post"}],"replies":[{"embeddable":true,"href":"http:\/\/fmdelpueblo.ar\/index.php?rest_route=%2Fwp%2Fv2%2Fcomments&post=14212"}],"version-history":[{"count":0,"href":"http:\/\/fmdelpueblo.ar\/index.php?rest_route=\/wp\/v2\/posts\/14212\/revisions"}],"wp:attachment":[{"href":"http:\/\/fmdelpueblo.ar\/index.php?rest_route=%2Fwp%2Fv2%2Fmedia&parent=14212"}],"wp:term":[{"taxonomy":"category","embeddable":true,"href":"http:\/\/fmdelpueblo.ar\/index.php?rest_route=%2Fwp%2Fv2%2Fcategories&post=14212"},{"taxonomy":"post_tag","embeddable":true,"href":"http:\/\/fmdelpueblo.ar\/index.php?rest_route=%2Fwp%2Fv2%2Ftags&post=14212"}],"curies":[{"name":"wp","href":"https:\/\/api.w.org\/{rel}","templated":true}]}}