{"id":14210,"date":"2022-05-02T15:09:02","date_gmt":"2022-05-02T15:09:02","guid":{"rendered":"http:\/\/fmdelpueblo.ar\/?p=14210"},"modified":"2022-05-02T15:09:02","modified_gmt":"2022-05-02T15:09:02","slug":"estaciones-de-servicio-advierten-sobre-un-escenario-devastador-para-el-sector","status":"publish","type":"post","link":"http:\/\/fmdelpueblo.ar\/?p=14210","title":{"rendered":"Estaciones de servicio advierten sobre un escenario devastador para el sector"},"content":{"rendered":"<\/p>\n<p>Seg\u00fan datos de CECHA, en los \u00faltimos cuatro a\u00f1os, los puntos de carga de nafta perdieron el equivalente a 5,5 meses de facturaci\u00f3n, lo que sostienen los lleva a una posici\u00f3n de \u00abmodo supervivencia\u201d.<br \/>\n <a href=\"https:\/\/www.perfil.com\/noticias\/economia\/estaciones-de-servicio-advierten-un-escenario-devastador-para-el-sector.phtml\">Leer m\u00e1s<\/a><\/p>\n","protected":false},"excerpt":{"rendered":"<p>Seg\u00fan datos de CECHA, en los \u00faltimos cuatro a\u00f1os, los puntos de carga de nafta perdieron el equivalente a 5,5 meses de facturaci\u00f3n, lo que sostienen los lleva a una posici\u00f3n de \u00abmodo supervivencia\u201d. Leer m\u00e1s<\/p>\n","protected":false},"author":0,"featured_media":0,"comment_status":"","ping_status":"","sticky":false,"template":"","format":"standard","meta":{"footnotes":""},"categories":[1],"tags":[],"class_list":["post-14210","post","type-post","status-publish","format-standard","hentry","category-sin-categoria"],"_links":{"self":[{"href":"http:\/\/fmdelpueblo.ar\/index.php?rest_route=\/wp\/v2\/posts\/14210","targetHints":{"allow":["GET"]}}],"collection":[{"href":"http:\/\/fmdelpueblo.ar\/index.php?rest_route=\/wp\/v2\/posts"}],"about":[{"href":"http:\/\/fmdelpueblo.ar\/index.php?rest_route=\/wp\/v2\/types\/post"}],"replies":[{"embeddable":true,"href":"http:\/\/fmdelpueblo.ar\/index.php?rest_route=%2Fwp%2Fv2%2Fcomments&post=14210"}],"version-history":[{"count":0,"href":"http:\/\/fmdelpueblo.ar\/index.php?rest_route=\/wp\/v2\/posts\/14210\/revisions"}],"wp:attachment":[{"href":"http:\/\/fmdelpueblo.ar\/index.php?rest_route=%2Fwp%2Fv2%2Fmedia&parent=14210"}],"wp:term":[{"taxonomy":"category","embeddable":true,"href":"http:\/\/fmdelpueblo.ar\/index.php?rest_route=%2Fwp%2Fv2%2Fcategories&post=14210"},{"taxonomy":"post_tag","embeddable":true,"href":"http:\/\/fmdelpueblo.ar\/index.php?rest_route=%2Fwp%2Fv2%2Ftags&post=14210"}],"curies":[{"name":"wp","href":"https:\/\/api.w.org\/{rel}","templated":true}]}}