{"id":14209,"date":"2022-05-02T15:09:02","date_gmt":"2022-05-02T15:09:02","guid":{"rendered":"http:\/\/fmdelpueblo.ar\/?p=14209"},"modified":"2022-05-02T15:09:02","modified_gmt":"2022-05-02T15:09:02","slug":"el-gobierno-le-reclamo-a-los-fabricantes-de-neumaticos-explicaciones-por-la-suba-de-precios","status":"publish","type":"post","link":"http:\/\/fmdelpueblo.ar\/?p=14209","title":{"rendered":"El Gobierno le reclam\u00f3 a los fabricantes de neum\u00e1ticos explicaciones por la suba de precios"},"content":{"rendered":"<\/p>\n<p>La secretar\u00eda que conduce Roberto Feletti considera que la aceleraci\u00f3n en los valores de los productos finales no tiene correlaci\u00f3n con los costos ni con m\u00e1rgenes de rentabilidad razonables. <a href=\"https:\/\/www.perfil.com\/noticias\/economia\/el-gobierno-le-reclamo-a-los-fabricantes-de-neumaticos-explicaciones-por-las-suba-de-precios.phtml\">Leer m\u00e1s<\/a><\/p>\n","protected":false},"excerpt":{"rendered":"<p>La secretar\u00eda que conduce Roberto Feletti considera que la aceleraci\u00f3n en los valores de los productos finales no tiene correlaci\u00f3n con los costos ni con m\u00e1rgenes de rentabilidad razonables. Leer m\u00e1s<\/p>\n","protected":false},"author":0,"featured_media":0,"comment_status":"","ping_status":"","sticky":false,"template":"","format":"standard","meta":{"footnotes":""},"categories":[1],"tags":[],"class_list":["post-14209","post","type-post","status-publish","format-standard","hentry","category-sin-categoria"],"_links":{"self":[{"href":"http:\/\/fmdelpueblo.ar\/index.php?rest_route=\/wp\/v2\/posts\/14209","targetHints":{"allow":["GET"]}}],"collection":[{"href":"http:\/\/fmdelpueblo.ar\/index.php?rest_route=\/wp\/v2\/posts"}],"about":[{"href":"http:\/\/fmdelpueblo.ar\/index.php?rest_route=\/wp\/v2\/types\/post"}],"replies":[{"embeddable":true,"href":"http:\/\/fmdelpueblo.ar\/index.php?rest_route=%2Fwp%2Fv2%2Fcomments&post=14209"}],"version-history":[{"count":0,"href":"http:\/\/fmdelpueblo.ar\/index.php?rest_route=\/wp\/v2\/posts\/14209\/revisions"}],"wp:attachment":[{"href":"http:\/\/fmdelpueblo.ar\/index.php?rest_route=%2Fwp%2Fv2%2Fmedia&parent=14209"}],"wp:term":[{"taxonomy":"category","embeddable":true,"href":"http:\/\/fmdelpueblo.ar\/index.php?rest_route=%2Fwp%2Fv2%2Fcategories&post=14209"},{"taxonomy":"post_tag","embeddable":true,"href":"http:\/\/fmdelpueblo.ar\/index.php?rest_route=%2Fwp%2Fv2%2Ftags&post=14209"}],"curies":[{"name":"wp","href":"https:\/\/api.w.org\/{rel}","templated":true}]}}