{"id":14208,"date":"2022-05-02T14:09:45","date_gmt":"2022-05-02T14:09:45","guid":{"rendered":"http:\/\/fmdelpueblo.ar\/?p=14208"},"modified":"2022-05-02T14:09:45","modified_gmt":"2022-05-02T14:09:45","slug":"norma-morales-los-companeros-de-la-campora-estan-confundidos","status":"publish","type":"post","link":"http:\/\/fmdelpueblo.ar\/?p=14208","title":{"rendered":"Norma Morales: \u00abLos compa\u00f1eros de La C\u00e1mpora est\u00e1n confundidos\u00bb"},"content":{"rendered":"<\/p>\n<p>La referente del movimiento social Barrios de Pie fue entrevistada por Jorge Fontevecchia y habl\u00f3 sobre las internas dentro de la coalici\u00f3n oficialista y la posibilidad de conformar un ministerio de la econom\u00eda popular. Mir\u00e1 la entrevista completa.<br \/>\n <a href=\"https:\/\/www.perfil.com\/noticias\/modo-fontevecchia\/norma-morales-los-companeros-de-la-campora-estan-confundidos-modof.phtml\">Leer m\u00e1s<\/a><\/p>\n","protected":false},"excerpt":{"rendered":"<p>La referente del movimiento social Barrios de Pie fue entrevistada por Jorge Fontevecchia y habl\u00f3 sobre las internas dentro de la coalici\u00f3n oficialista y la posibilidad de conformar un ministerio de la econom\u00eda popular. Mir\u00e1 la entrevista completa. Leer m\u00e1s<\/p>\n","protected":false},"author":0,"featured_media":0,"comment_status":"","ping_status":"","sticky":false,"template":"","format":"standard","meta":{"footnotes":""},"categories":[1],"tags":[],"class_list":["post-14208","post","type-post","status-publish","format-standard","hentry","category-sin-categoria"],"_links":{"self":[{"href":"http:\/\/fmdelpueblo.ar\/index.php?rest_route=\/wp\/v2\/posts\/14208","targetHints":{"allow":["GET"]}}],"collection":[{"href":"http:\/\/fmdelpueblo.ar\/index.php?rest_route=\/wp\/v2\/posts"}],"about":[{"href":"http:\/\/fmdelpueblo.ar\/index.php?rest_route=\/wp\/v2\/types\/post"}],"replies":[{"embeddable":true,"href":"http:\/\/fmdelpueblo.ar\/index.php?rest_route=%2Fwp%2Fv2%2Fcomments&post=14208"}],"version-history":[{"count":0,"href":"http:\/\/fmdelpueblo.ar\/index.php?rest_route=\/wp\/v2\/posts\/14208\/revisions"}],"wp:attachment":[{"href":"http:\/\/fmdelpueblo.ar\/index.php?rest_route=%2Fwp%2Fv2%2Fmedia&parent=14208"}],"wp:term":[{"taxonomy":"category","embeddable":true,"href":"http:\/\/fmdelpueblo.ar\/index.php?rest_route=%2Fwp%2Fv2%2Fcategories&post=14208"},{"taxonomy":"post_tag","embeddable":true,"href":"http:\/\/fmdelpueblo.ar\/index.php?rest_route=%2Fwp%2Fv2%2Ftags&post=14208"}],"curies":[{"name":"wp","href":"https:\/\/api.w.org\/{rel}","templated":true}]}}