{"id":14207,"date":"2022-05-02T14:09:45","date_gmt":"2022-05-02T14:09:45","guid":{"rendered":"http:\/\/fmdelpueblo.ar\/?p=14207"},"modified":"2022-05-02T14:09:45","modified_gmt":"2022-05-02T14:09:45","slug":"hebe-de-bonafini-dijo-que-quiere-trompear-a-martin-guzman-es-un-descarado","status":"publish","type":"post","link":"http:\/\/fmdelpueblo.ar\/?p=14207","title":{"rendered":"Hebe de Bonafini dijo que quiere \u00abtrompear\u00bb a Mart\u00edn Guzm\u00e1n: \u00abEs un descarado\u00bb"},"content":{"rendered":"<\/p>\n<p>La presidenta de Madres de Plaza de Mayo atac\u00f3 con virulencia al ministro de Econom\u00eda y tambi\u00e9n contra el presidente Alberto Fern\u00e1ndez. <a href=\"https:\/\/www.perfil.com\/noticias\/actualidad\/bonafini-dijo-que-tiene-ganas-de-trompear-a-martin-guzman.phtml\">Leer m\u00e1s<\/a><\/p>\n","protected":false},"excerpt":{"rendered":"<p>La presidenta de Madres de Plaza de Mayo atac\u00f3 con virulencia al ministro de Econom\u00eda y tambi\u00e9n contra el presidente Alberto Fern\u00e1ndez. Leer m\u00e1s<\/p>\n","protected":false},"author":0,"featured_media":0,"comment_status":"","ping_status":"","sticky":false,"template":"","format":"standard","meta":{"footnotes":""},"categories":[1],"tags":[],"class_list":["post-14207","post","type-post","status-publish","format-standard","hentry","category-sin-categoria"],"_links":{"self":[{"href":"http:\/\/fmdelpueblo.ar\/index.php?rest_route=\/wp\/v2\/posts\/14207","targetHints":{"allow":["GET"]}}],"collection":[{"href":"http:\/\/fmdelpueblo.ar\/index.php?rest_route=\/wp\/v2\/posts"}],"about":[{"href":"http:\/\/fmdelpueblo.ar\/index.php?rest_route=\/wp\/v2\/types\/post"}],"replies":[{"embeddable":true,"href":"http:\/\/fmdelpueblo.ar\/index.php?rest_route=%2Fwp%2Fv2%2Fcomments&post=14207"}],"version-history":[{"count":0,"href":"http:\/\/fmdelpueblo.ar\/index.php?rest_route=\/wp\/v2\/posts\/14207\/revisions"}],"wp:attachment":[{"href":"http:\/\/fmdelpueblo.ar\/index.php?rest_route=%2Fwp%2Fv2%2Fmedia&parent=14207"}],"wp:term":[{"taxonomy":"category","embeddable":true,"href":"http:\/\/fmdelpueblo.ar\/index.php?rest_route=%2Fwp%2Fv2%2Fcategories&post=14207"},{"taxonomy":"post_tag","embeddable":true,"href":"http:\/\/fmdelpueblo.ar\/index.php?rest_route=%2Fwp%2Fv2%2Ftags&post=14207"}],"curies":[{"name":"wp","href":"https:\/\/api.w.org\/{rel}","templated":true}]}}