{"id":14206,"date":"2022-05-02T14:09:45","date_gmt":"2022-05-02T14:09:45","guid":{"rendered":"http:\/\/fmdelpueblo.ar\/?p=14206"},"modified":"2022-05-02T14:09:45","modified_gmt":"2022-05-02T14:09:45","slug":"federico-braun-de-martin-guzman-rescato-el-enfasis-que-le-va-a-dar-a-vaca-muerta-y-a-la-mineria","status":"publish","type":"post","link":"http:\/\/fmdelpueblo.ar\/?p=14206","title":{"rendered":"Federico Braun: \u00abDe Mart\u00edn Guzm\u00e1n rescato el \u00e9nfasis que le va a dar a Vaca Muerta y a la miner\u00eda\u00bb"},"content":{"rendered":"<\/p>\n<p>El presidente de Supermercados La An\u00f3nima habl\u00f3 con Jorge Fontevecchia, por Radio Perfil (FM 101.9), y se refiri\u00f3 a la gesti\u00f3n econ\u00f3mica de Mart\u00edn Guzm\u00e1n. Adem\u00e1s, c\u00f3mo ser\u00eda un eventual segundo tiempo de Juntos por el Cambio. Mir\u00e1 la entrevista completa. <a href=\"https:\/\/www.perfil.com\/noticias\/modo-fontevecchia\/federico-braun-de-guzman-rescato-el-enfasis-que-le-va-a-dar-a-vaca-muerta-y-a-la-mineria-modof.phtml\">Leer m\u00e1s<\/a><\/p>\n","protected":false},"excerpt":{"rendered":"<p>El presidente de Supermercados La An\u00f3nima habl\u00f3 con Jorge Fontevecchia, por Radio Perfil (FM 101.9), y se refiri\u00f3 a la gesti\u00f3n econ\u00f3mica de Mart\u00edn Guzm\u00e1n. Adem\u00e1s, c\u00f3mo ser\u00eda un eventual segundo tiempo de Juntos por el Cambio. Mir\u00e1 la entrevista completa. Leer m\u00e1s<\/p>\n","protected":false},"author":0,"featured_media":0,"comment_status":"","ping_status":"","sticky":false,"template":"","format":"standard","meta":{"footnotes":""},"categories":[1],"tags":[],"class_list":["post-14206","post","type-post","status-publish","format-standard","hentry","category-sin-categoria"],"_links":{"self":[{"href":"http:\/\/fmdelpueblo.ar\/index.php?rest_route=\/wp\/v2\/posts\/14206","targetHints":{"allow":["GET"]}}],"collection":[{"href":"http:\/\/fmdelpueblo.ar\/index.php?rest_route=\/wp\/v2\/posts"}],"about":[{"href":"http:\/\/fmdelpueblo.ar\/index.php?rest_route=\/wp\/v2\/types\/post"}],"replies":[{"embeddable":true,"href":"http:\/\/fmdelpueblo.ar\/index.php?rest_route=%2Fwp%2Fv2%2Fcomments&post=14206"}],"version-history":[{"count":0,"href":"http:\/\/fmdelpueblo.ar\/index.php?rest_route=\/wp\/v2\/posts\/14206\/revisions"}],"wp:attachment":[{"href":"http:\/\/fmdelpueblo.ar\/index.php?rest_route=%2Fwp%2Fv2%2Fmedia&parent=14206"}],"wp:term":[{"taxonomy":"category","embeddable":true,"href":"http:\/\/fmdelpueblo.ar\/index.php?rest_route=%2Fwp%2Fv2%2Fcategories&post=14206"},{"taxonomy":"post_tag","embeddable":true,"href":"http:\/\/fmdelpueblo.ar\/index.php?rest_route=%2Fwp%2Fv2%2Ftags&post=14206"}],"curies":[{"name":"wp","href":"https:\/\/api.w.org\/{rel}","templated":true}]}}