{"id":14205,"date":"2022-05-02T14:09:45","date_gmt":"2022-05-02T14:09:45","guid":{"rendered":"http:\/\/fmdelpueblo.ar\/?p=14205"},"modified":"2022-05-02T14:09:45","modified_gmt":"2022-05-02T14:09:45","slug":"telecom-presenta-la-edicion-2022-del-ciclo-encuentros-4-0-violencia-digital","status":"publish","type":"post","link":"http:\/\/fmdelpueblo.ar\/?p=14205","title":{"rendered":"Telecom presenta la Edici\u00f3n 2022 del ciclo Encuentros 4.0 \u00abViolencia digital\u00bb"},"content":{"rendered":"<\/p>\n<p>La compa\u00f1\u00eda invita a su ciclo destinado almundo acad\u00e9mico y legal. Bajo la tem\u00e1tica \u201cViolencia digital\u201d se dar\u00e1n cita personalidades parlamentarias y de distintas instituciones para explorar escenarios e implicancias legales de una modalidad de delito que creci\u00f3 en los \u00faltimos a\u00f1os.<br \/>\n <a href=\"https:\/\/www.perfil.com\/noticias\/empresas-y-protagonistas\/telecom-presenta-la-edicion-2022-del-ciclo-encuentros-40-violencia-digital.phtml\">Leer m\u00e1s<\/a><\/p>\n","protected":false},"excerpt":{"rendered":"<p>La compa\u00f1\u00eda invita a su ciclo destinado almundo acad\u00e9mico y legal. Bajo la tem\u00e1tica \u201cViolencia digital\u201d se dar\u00e1n cita personalidades parlamentarias y de distintas instituciones para explorar escenarios e implicancias legales de una modalidad de delito que creci\u00f3 en los \u00faltimos a\u00f1os. Leer m\u00e1s<\/p>\n","protected":false},"author":0,"featured_media":0,"comment_status":"","ping_status":"","sticky":false,"template":"","format":"standard","meta":{"footnotes":""},"categories":[1],"tags":[],"class_list":["post-14205","post","type-post","status-publish","format-standard","hentry","category-sin-categoria"],"_links":{"self":[{"href":"http:\/\/fmdelpueblo.ar\/index.php?rest_route=\/wp\/v2\/posts\/14205","targetHints":{"allow":["GET"]}}],"collection":[{"href":"http:\/\/fmdelpueblo.ar\/index.php?rest_route=\/wp\/v2\/posts"}],"about":[{"href":"http:\/\/fmdelpueblo.ar\/index.php?rest_route=\/wp\/v2\/types\/post"}],"replies":[{"embeddable":true,"href":"http:\/\/fmdelpueblo.ar\/index.php?rest_route=%2Fwp%2Fv2%2Fcomments&post=14205"}],"version-history":[{"count":0,"href":"http:\/\/fmdelpueblo.ar\/index.php?rest_route=\/wp\/v2\/posts\/14205\/revisions"}],"wp:attachment":[{"href":"http:\/\/fmdelpueblo.ar\/index.php?rest_route=%2Fwp%2Fv2%2Fmedia&parent=14205"}],"wp:term":[{"taxonomy":"category","embeddable":true,"href":"http:\/\/fmdelpueblo.ar\/index.php?rest_route=%2Fwp%2Fv2%2Fcategories&post=14205"},{"taxonomy":"post_tag","embeddable":true,"href":"http:\/\/fmdelpueblo.ar\/index.php?rest_route=%2Fwp%2Fv2%2Ftags&post=14205"}],"curies":[{"name":"wp","href":"https:\/\/api.w.org\/{rel}","templated":true}]}}