{"id":14202,"date":"2022-05-02T14:09:44","date_gmt":"2022-05-02T14:09:44","guid":{"rendered":"http:\/\/fmdelpueblo.ar\/?p=14202"},"modified":"2022-05-02T14:09:44","modified_gmt":"2022-05-02T14:09:44","slug":"quintela-adelanto-que-planteara-ante-el-norte-grande-la-constitucion-de-una-red-de-comunicacion","status":"publish","type":"post","link":"http:\/\/fmdelpueblo.ar\/?p=14202","title":{"rendered":"Quintela adelant\u00f3 que plantear\u00e1 ante el Norte Grande la constituci\u00f3n de una Red de Comunicaci\u00f3n"},"content":{"rendered":"<\/p>\n<p>Luego de participar en el 1\u00b0 Encuentro Federal de Concejalas del Norte Grande, el gobernador riojano, Ricardo Quintela habl\u00f3 con la prensa sobre diversos temas entre los que volvi\u00f3 a plantear la rediscusion de los recursos que recibe la CABA y del rol que juegan los medios hegem\u00f3nicos.\u00a0 <a href=\"https:\/\/www.perfil.com\/noticias\/empresas-y-protagonistas\/quintela-adelanto-planteara-norte-grande-la-constitucion-comunicacion.phtml\">Leer m\u00e1s<\/a><\/p>\n","protected":false},"excerpt":{"rendered":"<p>Luego de participar en el 1\u00b0 Encuentro Federal de Concejalas del Norte Grande, el gobernador riojano, Ricardo Quintela habl\u00f3 con la prensa sobre diversos temas entre los que volvi\u00f3 a plantear la rediscusion de los recursos que recibe la CABA y del rol que juegan los medios hegem\u00f3nicos.\u00a0 Leer m\u00e1s<\/p>\n","protected":false},"author":0,"featured_media":0,"comment_status":"","ping_status":"","sticky":false,"template":"","format":"standard","meta":{"footnotes":""},"categories":[1],"tags":[],"class_list":["post-14202","post","type-post","status-publish","format-standard","hentry","category-sin-categoria"],"_links":{"self":[{"href":"http:\/\/fmdelpueblo.ar\/index.php?rest_route=\/wp\/v2\/posts\/14202","targetHints":{"allow":["GET"]}}],"collection":[{"href":"http:\/\/fmdelpueblo.ar\/index.php?rest_route=\/wp\/v2\/posts"}],"about":[{"href":"http:\/\/fmdelpueblo.ar\/index.php?rest_route=\/wp\/v2\/types\/post"}],"replies":[{"embeddable":true,"href":"http:\/\/fmdelpueblo.ar\/index.php?rest_route=%2Fwp%2Fv2%2Fcomments&post=14202"}],"version-history":[{"count":0,"href":"http:\/\/fmdelpueblo.ar\/index.php?rest_route=\/wp\/v2\/posts\/14202\/revisions"}],"wp:attachment":[{"href":"http:\/\/fmdelpueblo.ar\/index.php?rest_route=%2Fwp%2Fv2%2Fmedia&parent=14202"}],"wp:term":[{"taxonomy":"category","embeddable":true,"href":"http:\/\/fmdelpueblo.ar\/index.php?rest_route=%2Fwp%2Fv2%2Fcategories&post=14202"},{"taxonomy":"post_tag","embeddable":true,"href":"http:\/\/fmdelpueblo.ar\/index.php?rest_route=%2Fwp%2Fv2%2Ftags&post=14202"}],"curies":[{"name":"wp","href":"https:\/\/api.w.org\/{rel}","templated":true}]}}