{"id":14200,"date":"2022-05-02T13:10:25","date_gmt":"2022-05-02T13:10:25","guid":{"rendered":"https:\/\/fmdelpueblo.ar\/?p=14200"},"modified":"2022-05-02T13:10:25","modified_gmt":"2022-05-02T13:10:25","slug":"la-encuesta-que-preocupa-a-todos-quienes-son-los-politicos-que-tienen-la-mejor-y-la-peor-imagen","status":"publish","type":"post","link":"http:\/\/fmdelpueblo.ar\/?p=14200","title":{"rendered":"La encuesta que preocupa a todos: \u00bfqui\u00e9nes son los pol\u00edticos que tienen la mejor y la peor imagen?"},"content":{"rendered":"<\/p>\n<p>El sondeo, de cara a las elecciones del pr\u00f3ximo a\u00f1o, mide a los principales dirigentes nacionales. Dos candidatos inesperados son los que est\u00e1n mejor posicionados. <a href=\"https:\/\/www.perfil.com\/noticias\/actualidad\/la-encuesta-que-preocupa-de-cara-al-2023-quienes-tienen-la-mejor-y-peor-imagen.phtml\">Leer m\u00e1s<\/a><\/p>\n","protected":false},"excerpt":{"rendered":"<p>El sondeo, de cara a las elecciones del pr\u00f3ximo a\u00f1o, mide a los principales dirigentes nacionales. Dos candidatos inesperados son los que est\u00e1n mejor posicionados. Leer m\u00e1s<\/p>\n","protected":false},"author":0,"featured_media":0,"comment_status":"","ping_status":"","sticky":false,"template":"","format":"standard","meta":{"footnotes":""},"categories":[1],"tags":[],"class_list":["post-14200","post","type-post","status-publish","format-standard","hentry","category-sin-categoria"],"_links":{"self":[{"href":"http:\/\/fmdelpueblo.ar\/index.php?rest_route=\/wp\/v2\/posts\/14200","targetHints":{"allow":["GET"]}}],"collection":[{"href":"http:\/\/fmdelpueblo.ar\/index.php?rest_route=\/wp\/v2\/posts"}],"about":[{"href":"http:\/\/fmdelpueblo.ar\/index.php?rest_route=\/wp\/v2\/types\/post"}],"replies":[{"embeddable":true,"href":"http:\/\/fmdelpueblo.ar\/index.php?rest_route=%2Fwp%2Fv2%2Fcomments&post=14200"}],"version-history":[{"count":0,"href":"http:\/\/fmdelpueblo.ar\/index.php?rest_route=\/wp\/v2\/posts\/14200\/revisions"}],"wp:attachment":[{"href":"http:\/\/fmdelpueblo.ar\/index.php?rest_route=%2Fwp%2Fv2%2Fmedia&parent=14200"}],"wp:term":[{"taxonomy":"category","embeddable":true,"href":"http:\/\/fmdelpueblo.ar\/index.php?rest_route=%2Fwp%2Fv2%2Fcategories&post=14200"},{"taxonomy":"post_tag","embeddable":true,"href":"http:\/\/fmdelpueblo.ar\/index.php?rest_route=%2Fwp%2Fv2%2Ftags&post=14200"}],"curies":[{"name":"wp","href":"https:\/\/api.w.org\/{rel}","templated":true}]}}