{"id":142,"date":"2021-10-26T11:18:16","date_gmt":"2021-10-26T11:18:16","guid":{"rendered":"https:\/\/fmdelpueblo.ar\/?p=142"},"modified":"2021-10-26T11:18:16","modified_gmt":"2021-10-26T11:18:16","slug":"dia-de-los-cafes-de-buenos-aires-una-oportunidad-para-arreglar-el-mundo","status":"publish","type":"post","link":"http:\/\/fmdelpueblo.ar\/?p=142","title":{"rendered":"D\u00eda de los Caf\u00e9s de Buenos Aires, una oportunidad para arreglar el mundo"},"content":{"rendered":"<\/p>\n<p>Hoy se celebra el D\u00eda de los Caf\u00e9s de Buenos Aires en honor a la apertura del Caf\u00e9 Tortoni en 1858. Hist\u00f3ricamente, ha sido ese lugar ideal para pensar, delinear proyectos en servilletas de papel y para tratar de arreglar el mundo. <a href=\"https:\/\/www.perfil.com\/noticias\/opinion\/mariela-blanco-dia-de-los-cafes-de-buenos-aires-una-oportunidad-para-arreglar-el-mundo.phtml\">Leer m\u00e1s<\/a><\/p>\n","protected":false},"excerpt":{"rendered":"<p>Hoy se celebra el D\u00eda de los Caf\u00e9s de Buenos Aires en honor a la apertura del Caf\u00e9 Tortoni en 1858. Hist\u00f3ricamente, ha sido ese lugar ideal para pensar, delinear proyectos en servilletas de papel y para tratar de arreglar el mundo. Leer m\u00e1s<\/p>\n","protected":false},"author":0,"featured_media":0,"comment_status":"","ping_status":"","sticky":false,"template":"","format":"standard","meta":{"footnotes":""},"categories":[1],"tags":[],"class_list":["post-142","post","type-post","status-publish","format-standard","hentry","category-sin-categoria"],"_links":{"self":[{"href":"http:\/\/fmdelpueblo.ar\/index.php?rest_route=\/wp\/v2\/posts\/142","targetHints":{"allow":["GET"]}}],"collection":[{"href":"http:\/\/fmdelpueblo.ar\/index.php?rest_route=\/wp\/v2\/posts"}],"about":[{"href":"http:\/\/fmdelpueblo.ar\/index.php?rest_route=\/wp\/v2\/types\/post"}],"replies":[{"embeddable":true,"href":"http:\/\/fmdelpueblo.ar\/index.php?rest_route=%2Fwp%2Fv2%2Fcomments&post=142"}],"version-history":[{"count":0,"href":"http:\/\/fmdelpueblo.ar\/index.php?rest_route=\/wp\/v2\/posts\/142\/revisions"}],"wp:attachment":[{"href":"http:\/\/fmdelpueblo.ar\/index.php?rest_route=%2Fwp%2Fv2%2Fmedia&parent=142"}],"wp:term":[{"taxonomy":"category","embeddable":true,"href":"http:\/\/fmdelpueblo.ar\/index.php?rest_route=%2Fwp%2Fv2%2Fcategories&post=142"},{"taxonomy":"post_tag","embeddable":true,"href":"http:\/\/fmdelpueblo.ar\/index.php?rest_route=%2Fwp%2Fv2%2Ftags&post=142"}],"curies":[{"name":"wp","href":"https:\/\/api.w.org\/{rel}","templated":true}]}}