{"id":14199,"date":"2022-05-02T13:10:25","date_gmt":"2022-05-02T13:10:25","guid":{"rendered":"https:\/\/fmdelpueblo.ar\/?p=14199"},"modified":"2022-05-02T13:10:25","modified_gmt":"2022-05-02T13:10:25","slug":"omar-plaini-lo-de-milei-aun-esta-por-verse-el-problema-lo-tiene-la-coalicion-opositora","status":"publish","type":"post","link":"http:\/\/fmdelpueblo.ar\/?p=14199","title":{"rendered":"Omar Plaini: \u00abLo de Milei a\u00fan est\u00e1 por verse, el problema lo tiene la coalici\u00f3n opositora\u00bb"},"content":{"rendered":"<\/p>\n<p>El Secretario General de Canillitas\u00a0habl\u00f3 con Jorge Fontevecchia en Modo Fontevecchia por Radio Perfil (FM 101.9) sobre la problem\u00e1tica que atraviesa el oficialismo y el avance del l\u00edder libertario en las encuestas. \u00abEs un fen\u00f3meno al que hay que prestarle atenci\u00f3n\u00bb, expres\u00f3. Mir\u00e1 la entrevista completa. <a href=\"https:\/\/www.perfil.com\/noticias\/modo-fontevecchia\/omar-plaini-lo-de-milei-aun-esta-por-verse-el-problema-lo-tiene-la-coalicion-opositora-modof.phtml\">Leer m\u00e1s<\/a><\/p>\n","protected":false},"excerpt":{"rendered":"<p>El Secretario General de Canillitas\u00a0habl\u00f3 con Jorge Fontevecchia en Modo Fontevecchia por Radio Perfil (FM 101.9) sobre la problem\u00e1tica que atraviesa el oficialismo y el avance del l\u00edder libertario en las encuestas. \u00abEs un fen\u00f3meno al que hay que prestarle atenci\u00f3n\u00bb, expres\u00f3. Mir\u00e1 la entrevista completa. Leer m\u00e1s<\/p>\n","protected":false},"author":0,"featured_media":0,"comment_status":"","ping_status":"","sticky":false,"template":"","format":"standard","meta":{"footnotes":""},"categories":[1],"tags":[],"class_list":["post-14199","post","type-post","status-publish","format-standard","hentry","category-sin-categoria"],"_links":{"self":[{"href":"http:\/\/fmdelpueblo.ar\/index.php?rest_route=\/wp\/v2\/posts\/14199","targetHints":{"allow":["GET"]}}],"collection":[{"href":"http:\/\/fmdelpueblo.ar\/index.php?rest_route=\/wp\/v2\/posts"}],"about":[{"href":"http:\/\/fmdelpueblo.ar\/index.php?rest_route=\/wp\/v2\/types\/post"}],"replies":[{"embeddable":true,"href":"http:\/\/fmdelpueblo.ar\/index.php?rest_route=%2Fwp%2Fv2%2Fcomments&post=14199"}],"version-history":[{"count":0,"href":"http:\/\/fmdelpueblo.ar\/index.php?rest_route=\/wp\/v2\/posts\/14199\/revisions"}],"wp:attachment":[{"href":"http:\/\/fmdelpueblo.ar\/index.php?rest_route=%2Fwp%2Fv2%2Fmedia&parent=14199"}],"wp:term":[{"taxonomy":"category","embeddable":true,"href":"http:\/\/fmdelpueblo.ar\/index.php?rest_route=%2Fwp%2Fv2%2Fcategories&post=14199"},{"taxonomy":"post_tag","embeddable":true,"href":"http:\/\/fmdelpueblo.ar\/index.php?rest_route=%2Fwp%2Fv2%2Ftags&post=14199"}],"curies":[{"name":"wp","href":"https:\/\/api.w.org\/{rel}","templated":true}]}}