{"id":14189,"date":"2022-05-02T11:08:54","date_gmt":"2022-05-02T11:08:54","guid":{"rendered":"https:\/\/fmdelpueblo.ar\/?p=14189"},"modified":"2022-05-02T11:08:54","modified_gmt":"2022-05-02T11:08:54","slug":"la-oposicion-busca-marcarle-la-agenda-la-oficialismo-en-el-congreso","status":"publish","type":"post","link":"http:\/\/fmdelpueblo.ar\/?p=14189","title":{"rendered":"La oposici\u00f3n busca marcarle la agenda la oficialismo en el Congreso"},"content":{"rendered":"<\/p>\n<p>El temario\u00a0abarca la definici\u00f3n de la nueva\u00a0Ley de Alquileres y dos sesiones\u00a0especiales\u00a0pedidas para plantear formalmente sus\u00a0propuestas sobre la boleta \u00fanica y los cr\u00e9ditos UVA. <a href=\"https:\/\/www.perfil.com\/noticias\/actualidad\/la-oposicion-busca-marcarle-la-agenda-la-oficialismo-en-el-congreso.phtml\">Leer m\u00e1s<\/a><\/p>\n","protected":false},"excerpt":{"rendered":"<p>El temario\u00a0abarca la definici\u00f3n de la nueva\u00a0Ley de Alquileres y dos sesiones\u00a0especiales\u00a0pedidas para plantear formalmente sus\u00a0propuestas sobre la boleta \u00fanica y los cr\u00e9ditos UVA. Leer m\u00e1s<\/p>\n","protected":false},"author":0,"featured_media":0,"comment_status":"","ping_status":"","sticky":false,"template":"","format":"standard","meta":{"footnotes":""},"categories":[1],"tags":[],"class_list":["post-14189","post","type-post","status-publish","format-standard","hentry","category-sin-categoria"],"_links":{"self":[{"href":"http:\/\/fmdelpueblo.ar\/index.php?rest_route=\/wp\/v2\/posts\/14189","targetHints":{"allow":["GET"]}}],"collection":[{"href":"http:\/\/fmdelpueblo.ar\/index.php?rest_route=\/wp\/v2\/posts"}],"about":[{"href":"http:\/\/fmdelpueblo.ar\/index.php?rest_route=\/wp\/v2\/types\/post"}],"replies":[{"embeddable":true,"href":"http:\/\/fmdelpueblo.ar\/index.php?rest_route=%2Fwp%2Fv2%2Fcomments&post=14189"}],"version-history":[{"count":0,"href":"http:\/\/fmdelpueblo.ar\/index.php?rest_route=\/wp\/v2\/posts\/14189\/revisions"}],"wp:attachment":[{"href":"http:\/\/fmdelpueblo.ar\/index.php?rest_route=%2Fwp%2Fv2%2Fmedia&parent=14189"}],"wp:term":[{"taxonomy":"category","embeddable":true,"href":"http:\/\/fmdelpueblo.ar\/index.php?rest_route=%2Fwp%2Fv2%2Fcategories&post=14189"},{"taxonomy":"post_tag","embeddable":true,"href":"http:\/\/fmdelpueblo.ar\/index.php?rest_route=%2Fwp%2Fv2%2Ftags&post=14189"}],"curies":[{"name":"wp","href":"https:\/\/api.w.org\/{rel}","templated":true}]}}