{"id":14188,"date":"2022-05-02T10:09:38","date_gmt":"2022-05-02T10:09:38","guid":{"rendered":"http:\/\/fmdelpueblo.ar\/?p=14188"},"modified":"2022-05-02T10:09:38","modified_gmt":"2022-05-02T10:09:38","slug":"que-venga-el-bombero-aunque-este-en-chancletas","status":"publish","type":"post","link":"http:\/\/fmdelpueblo.ar\/?p=14188","title":{"rendered":"Que venga el bombero, aunque est\u00e9 en chancletas"},"content":{"rendered":"<\/p>\n<p>Hace 20 a\u00f1os el incendio del 2001 parec\u00eda seguir creciendo antes que sofocarse con el cambio de gobierno, crisis institucional mediante. Los problemas parecen repetirse pero la reedici\u00f3n de las soluciones parece muy lejana porque ni hoy ni ma\u00f1ana Lavagna ser\u00e1 ministro de econom\u00eda. <a href=\"https:\/\/www.perfil.com\/noticias\/opinion\/que-venga-el-bombero-aunque-este-en-chancletas-eduardo-reina.phtml\">Leer m\u00e1s<\/a><\/p>\n","protected":false},"excerpt":{"rendered":"<p>Hace 20 a\u00f1os el incendio del 2001 parec\u00eda seguir creciendo antes que sofocarse con el cambio de gobierno, crisis institucional mediante. Los problemas parecen repetirse pero la reedici\u00f3n de las soluciones parece muy lejana porque ni hoy ni ma\u00f1ana Lavagna ser\u00e1 ministro de econom\u00eda. Leer m\u00e1s<\/p>\n","protected":false},"author":0,"featured_media":0,"comment_status":"","ping_status":"","sticky":false,"template":"","format":"standard","meta":{"footnotes":""},"categories":[1],"tags":[],"class_list":["post-14188","post","type-post","status-publish","format-standard","hentry","category-sin-categoria"],"_links":{"self":[{"href":"http:\/\/fmdelpueblo.ar\/index.php?rest_route=\/wp\/v2\/posts\/14188","targetHints":{"allow":["GET"]}}],"collection":[{"href":"http:\/\/fmdelpueblo.ar\/index.php?rest_route=\/wp\/v2\/posts"}],"about":[{"href":"http:\/\/fmdelpueblo.ar\/index.php?rest_route=\/wp\/v2\/types\/post"}],"replies":[{"embeddable":true,"href":"http:\/\/fmdelpueblo.ar\/index.php?rest_route=%2Fwp%2Fv2%2Fcomments&post=14188"}],"version-history":[{"count":0,"href":"http:\/\/fmdelpueblo.ar\/index.php?rest_route=\/wp\/v2\/posts\/14188\/revisions"}],"wp:attachment":[{"href":"http:\/\/fmdelpueblo.ar\/index.php?rest_route=%2Fwp%2Fv2%2Fmedia&parent=14188"}],"wp:term":[{"taxonomy":"category","embeddable":true,"href":"http:\/\/fmdelpueblo.ar\/index.php?rest_route=%2Fwp%2Fv2%2Fcategories&post=14188"},{"taxonomy":"post_tag","embeddable":true,"href":"http:\/\/fmdelpueblo.ar\/index.php?rest_route=%2Fwp%2Fv2%2Ftags&post=14188"}],"curies":[{"name":"wp","href":"https:\/\/api.w.org\/{rel}","templated":true}]}}