{"id":14185,"date":"2022-05-02T01:09:26","date_gmt":"2022-05-02T01:09:26","guid":{"rendered":"https:\/\/fmdelpueblo.ar\/?p=14185"},"modified":"2022-05-02T01:09:26","modified_gmt":"2022-05-02T01:09:26","slug":"advierten-que-sin-planes-sociales-la-pobreza-en-argentina-podria-llegar-al-50-por-ciento","status":"publish","type":"post","link":"http:\/\/fmdelpueblo.ar\/?p=14185","title":{"rendered":"Advierten que sin planes sociales, la pobreza en Argentina podr\u00eda llegar al 50 por ciento"},"content":{"rendered":"<\/p>\n<p>Agust\u00edn Salvia, director del Observatorio de la Deuda Social de la Universidad Cat\u00f3lica Argentina, consider\u00f3 necesario un plan para revertir los \u00edndices de pobreza e indigencia m\u00e1s all\u00e1 de los \u00abshocks de dinero\u00bb para el consumo. <a href=\"https:\/\/www.perfil.com\/noticias\/sociedad\/advierten-que-sin-planes-sociales-la-pobreza-en-argentina-podria-llegar-al-50-por-ciento.phtml\">Leer m\u00e1s<\/a><\/p>\n","protected":false},"excerpt":{"rendered":"<p>Agust\u00edn Salvia, director del Observatorio de la Deuda Social de la Universidad Cat\u00f3lica Argentina, consider\u00f3 necesario un plan para revertir los \u00edndices de pobreza e indigencia m\u00e1s all\u00e1 de los \u00abshocks de dinero\u00bb para el consumo. Leer m\u00e1s<\/p>\n","protected":false},"author":0,"featured_media":0,"comment_status":"","ping_status":"","sticky":false,"template":"","format":"standard","meta":{"footnotes":""},"categories":[1],"tags":[],"class_list":["post-14185","post","type-post","status-publish","format-standard","hentry","category-sin-categoria"],"_links":{"self":[{"href":"http:\/\/fmdelpueblo.ar\/index.php?rest_route=\/wp\/v2\/posts\/14185","targetHints":{"allow":["GET"]}}],"collection":[{"href":"http:\/\/fmdelpueblo.ar\/index.php?rest_route=\/wp\/v2\/posts"}],"about":[{"href":"http:\/\/fmdelpueblo.ar\/index.php?rest_route=\/wp\/v2\/types\/post"}],"replies":[{"embeddable":true,"href":"http:\/\/fmdelpueblo.ar\/index.php?rest_route=%2Fwp%2Fv2%2Fcomments&post=14185"}],"version-history":[{"count":0,"href":"http:\/\/fmdelpueblo.ar\/index.php?rest_route=\/wp\/v2\/posts\/14185\/revisions"}],"wp:attachment":[{"href":"http:\/\/fmdelpueblo.ar\/index.php?rest_route=%2Fwp%2Fv2%2Fmedia&parent=14185"}],"wp:term":[{"taxonomy":"category","embeddable":true,"href":"http:\/\/fmdelpueblo.ar\/index.php?rest_route=%2Fwp%2Fv2%2Fcategories&post=14185"},{"taxonomy":"post_tag","embeddable":true,"href":"http:\/\/fmdelpueblo.ar\/index.php?rest_route=%2Fwp%2Fv2%2Ftags&post=14185"}],"curies":[{"name":"wp","href":"https:\/\/api.w.org\/{rel}","templated":true}]}}