{"id":14184,"date":"2022-05-02T01:09:26","date_gmt":"2022-05-02T01:09:26","guid":{"rendered":"https:\/\/fmdelpueblo.ar\/?p=14184"},"modified":"2022-05-02T01:09:26","modified_gmt":"2022-05-02T01:09:26","slug":"el-covid-no-se-fue-reportaron-11-443-nuevos-casos-y-111-fallecidos-en-la-ultima-semana","status":"publish","type":"post","link":"http:\/\/fmdelpueblo.ar\/?p=14184","title":{"rendered":"El Covid no se fue: reportaron 11.443 nuevos casos y 111 fallecidos en la \u00faltima semana"},"content":{"rendered":"<\/p>\n<p>Seg\u00fan las \u00faltimas cifras del Ministerio de Salud, el n\u00famero de casos es un poco mayor al que se registr\u00f3 la semana anterior. A 25 meses del inicio de la pandemia, en 14 provincias no se registraron fallecimientos.  <a href=\"https:\/\/www.perfil.com\/noticias\/salud\/el-covid-no-se-fue-reportaron-11443-nuevos-casos-y-111-fallecidos-en-la-ultima-semana.phtml\">Leer m\u00e1s<\/a><\/p>\n","protected":false},"excerpt":{"rendered":"<p>Seg\u00fan las \u00faltimas cifras del Ministerio de Salud, el n\u00famero de casos es un poco mayor al que se registr\u00f3 la semana anterior. A 25 meses del inicio de la pandemia, en 14 provincias no se registraron fallecimientos. Leer m\u00e1s<\/p>\n","protected":false},"author":0,"featured_media":0,"comment_status":"","ping_status":"","sticky":false,"template":"","format":"standard","meta":{"footnotes":""},"categories":[1],"tags":[],"class_list":["post-14184","post","type-post","status-publish","format-standard","hentry","category-sin-categoria"],"_links":{"self":[{"href":"http:\/\/fmdelpueblo.ar\/index.php?rest_route=\/wp\/v2\/posts\/14184","targetHints":{"allow":["GET"]}}],"collection":[{"href":"http:\/\/fmdelpueblo.ar\/index.php?rest_route=\/wp\/v2\/posts"}],"about":[{"href":"http:\/\/fmdelpueblo.ar\/index.php?rest_route=\/wp\/v2\/types\/post"}],"replies":[{"embeddable":true,"href":"http:\/\/fmdelpueblo.ar\/index.php?rest_route=%2Fwp%2Fv2%2Fcomments&post=14184"}],"version-history":[{"count":0,"href":"http:\/\/fmdelpueblo.ar\/index.php?rest_route=\/wp\/v2\/posts\/14184\/revisions"}],"wp:attachment":[{"href":"http:\/\/fmdelpueblo.ar\/index.php?rest_route=%2Fwp%2Fv2%2Fmedia&parent=14184"}],"wp:term":[{"taxonomy":"category","embeddable":true,"href":"http:\/\/fmdelpueblo.ar\/index.php?rest_route=%2Fwp%2Fv2%2Fcategories&post=14184"},{"taxonomy":"post_tag","embeddable":true,"href":"http:\/\/fmdelpueblo.ar\/index.php?rest_route=%2Fwp%2Fv2%2Ftags&post=14184"}],"curies":[{"name":"wp","href":"https:\/\/api.w.org\/{rel}","templated":true}]}}