{"id":14183,"date":"2022-05-02T01:09:26","date_gmt":"2022-05-02T01:09:26","guid":{"rendered":"https:\/\/fmdelpueblo.ar\/?p=14183"},"modified":"2022-05-02T01:09:26","modified_gmt":"2022-05-02T01:09:26","slug":"vamos-por-mas-la-nueva-colecta-que-inicio-santi-maratea-para-un-excombatiente","status":"publish","type":"post","link":"http:\/\/fmdelpueblo.ar\/?p=14183","title":{"rendered":"\u00ab\u00bfVamos por m\u00e1s?\u00bb: la nueva colecta que inici\u00f3 Santi Maratea para un excombatiente"},"content":{"rendered":"<\/p>\n<p>El influencer pidi\u00f3 a sus miles seguidores ayudar a Miguel \u00c1ngel Gonzalez, quien tiene c\u00e1ncer y debe juntar 1 mill\u00f3n de pesos para operarse.  <a href=\"https:\/\/www.perfil.com\/noticias\/sociedad\/vamos-por-mas-la-nueva-colecta-que-inicio-santi-maratea-para-un-excombatiente.phtml\">Leer m\u00e1s<\/a><\/p>\n","protected":false},"excerpt":{"rendered":"<p>El influencer pidi\u00f3 a sus miles seguidores ayudar a Miguel \u00c1ngel Gonzalez, quien tiene c\u00e1ncer y debe juntar 1 mill\u00f3n de pesos para operarse. Leer m\u00e1s<\/p>\n","protected":false},"author":0,"featured_media":0,"comment_status":"","ping_status":"","sticky":false,"template":"","format":"standard","meta":{"footnotes":""},"categories":[1],"tags":[],"class_list":["post-14183","post","type-post","status-publish","format-standard","hentry","category-sin-categoria"],"_links":{"self":[{"href":"http:\/\/fmdelpueblo.ar\/index.php?rest_route=\/wp\/v2\/posts\/14183","targetHints":{"allow":["GET"]}}],"collection":[{"href":"http:\/\/fmdelpueblo.ar\/index.php?rest_route=\/wp\/v2\/posts"}],"about":[{"href":"http:\/\/fmdelpueblo.ar\/index.php?rest_route=\/wp\/v2\/types\/post"}],"replies":[{"embeddable":true,"href":"http:\/\/fmdelpueblo.ar\/index.php?rest_route=%2Fwp%2Fv2%2Fcomments&post=14183"}],"version-history":[{"count":0,"href":"http:\/\/fmdelpueblo.ar\/index.php?rest_route=\/wp\/v2\/posts\/14183\/revisions"}],"wp:attachment":[{"href":"http:\/\/fmdelpueblo.ar\/index.php?rest_route=%2Fwp%2Fv2%2Fmedia&parent=14183"}],"wp:term":[{"taxonomy":"category","embeddable":true,"href":"http:\/\/fmdelpueblo.ar\/index.php?rest_route=%2Fwp%2Fv2%2Fcategories&post=14183"},{"taxonomy":"post_tag","embeddable":true,"href":"http:\/\/fmdelpueblo.ar\/index.php?rest_route=%2Fwp%2Fv2%2Ftags&post=14183"}],"curies":[{"name":"wp","href":"https:\/\/api.w.org\/{rel}","templated":true}]}}