{"id":14166,"date":"2022-05-01T11:09:09","date_gmt":"2022-05-01T11:09:09","guid":{"rendered":"https:\/\/fmdelpueblo.ar\/?p=14166"},"modified":"2022-05-01T11:09:09","modified_gmt":"2022-05-01T11:09:09","slug":"dia-internacional-del-trabajador-una-mirada-entre-el-arte-y-la-historia","status":"publish","type":"post","link":"http:\/\/fmdelpueblo.ar\/?p=14166","title":{"rendered":"D\u00eda Internacional del Trabajador: una mirada entre el arte y la historia"},"content":{"rendered":"<\/p>\n<p>La fecha que hoy se conmemora, se estableci\u00f3 por acuerdo del Congreso Obrero Socialista de la Segunda Internacional, celebrado en Par\u00eds en 1889. Coincidi\u00f3 con la celebraci\u00f3n del centenario de la Revoluci\u00f3n Francesa; mientras que, en simult\u00e1neo, se llevaba a cabo la \u201cExposici\u00f3n Internacional de Par\u00eds\u201d. <a href=\"https:\/\/www.perfil.com\/noticias\/opinion\/alicia-martin-dia-internacional-del-trabajador-una-mirada-entre-el-arte-y-la-historia.phtml\">Leer m\u00e1s<\/a><\/p>\n","protected":false},"excerpt":{"rendered":"<p>La fecha que hoy se conmemora, se estableci\u00f3 por acuerdo del Congreso Obrero Socialista de la Segunda Internacional, celebrado en Par\u00eds en 1889. Coincidi\u00f3 con la celebraci\u00f3n del centenario de la Revoluci\u00f3n Francesa; mientras que, en simult\u00e1neo, se llevaba a cabo la \u201cExposici\u00f3n Internacional de Par\u00eds\u201d. Leer m\u00e1s<\/p>\n","protected":false},"author":0,"featured_media":0,"comment_status":"","ping_status":"","sticky":false,"template":"","format":"standard","meta":{"footnotes":""},"categories":[1],"tags":[],"class_list":["post-14166","post","type-post","status-publish","format-standard","hentry","category-sin-categoria"],"_links":{"self":[{"href":"http:\/\/fmdelpueblo.ar\/index.php?rest_route=\/wp\/v2\/posts\/14166","targetHints":{"allow":["GET"]}}],"collection":[{"href":"http:\/\/fmdelpueblo.ar\/index.php?rest_route=\/wp\/v2\/posts"}],"about":[{"href":"http:\/\/fmdelpueblo.ar\/index.php?rest_route=\/wp\/v2\/types\/post"}],"replies":[{"embeddable":true,"href":"http:\/\/fmdelpueblo.ar\/index.php?rest_route=%2Fwp%2Fv2%2Fcomments&post=14166"}],"version-history":[{"count":0,"href":"http:\/\/fmdelpueblo.ar\/index.php?rest_route=\/wp\/v2\/posts\/14166\/revisions"}],"wp:attachment":[{"href":"http:\/\/fmdelpueblo.ar\/index.php?rest_route=%2Fwp%2Fv2%2Fmedia&parent=14166"}],"wp:term":[{"taxonomy":"category","embeddable":true,"href":"http:\/\/fmdelpueblo.ar\/index.php?rest_route=%2Fwp%2Fv2%2Fcategories&post=14166"},{"taxonomy":"post_tag","embeddable":true,"href":"http:\/\/fmdelpueblo.ar\/index.php?rest_route=%2Fwp%2Fv2%2Ftags&post=14166"}],"curies":[{"name":"wp","href":"https:\/\/api.w.org\/{rel}","templated":true}]}}