{"id":14152,"date":"2022-04-30T19:10:08","date_gmt":"2022-04-30T19:10:08","guid":{"rendered":"https:\/\/fmdelpueblo.ar\/?p=14152"},"modified":"2022-04-30T19:10:08","modified_gmt":"2022-04-30T19:10:08","slug":"el-papa-francisco-con-dolores-en-una-pierna-el-medico-me-dijo-que-no-caminara","status":"publish","type":"post","link":"http:\/\/fmdelpueblo.ar\/?p=14152","title":{"rendered":"El Papa Francisco, con dolores en una pierna: \u00abEl m\u00e9dico me dijo que no caminara\u00bb"},"content":{"rendered":"<\/p>\n<p>El Sumo Pont\u00edfice reconoci\u00f3 que padece fuertes dolores en una de sus piernas y por eso limit\u00f3 sus actividades. <a href=\"https:\/\/www.perfil.com\/noticias\/actualidad\/papa-francisco-dolor-pierna-el-medico-me-dijo-que-no-caminara.phtml\">Leer m\u00e1s<\/a><\/p>\n","protected":false},"excerpt":{"rendered":"<p>El Sumo Pont\u00edfice reconoci\u00f3 que padece fuertes dolores en una de sus piernas y por eso limit\u00f3 sus actividades. Leer m\u00e1s<\/p>\n","protected":false},"author":0,"featured_media":0,"comment_status":"","ping_status":"","sticky":false,"template":"","format":"standard","meta":{"footnotes":""},"categories":[1],"tags":[],"class_list":["post-14152","post","type-post","status-publish","format-standard","hentry","category-sin-categoria"],"_links":{"self":[{"href":"http:\/\/fmdelpueblo.ar\/index.php?rest_route=\/wp\/v2\/posts\/14152","targetHints":{"allow":["GET"]}}],"collection":[{"href":"http:\/\/fmdelpueblo.ar\/index.php?rest_route=\/wp\/v2\/posts"}],"about":[{"href":"http:\/\/fmdelpueblo.ar\/index.php?rest_route=\/wp\/v2\/types\/post"}],"replies":[{"embeddable":true,"href":"http:\/\/fmdelpueblo.ar\/index.php?rest_route=%2Fwp%2Fv2%2Fcomments&post=14152"}],"version-history":[{"count":0,"href":"http:\/\/fmdelpueblo.ar\/index.php?rest_route=\/wp\/v2\/posts\/14152\/revisions"}],"wp:attachment":[{"href":"http:\/\/fmdelpueblo.ar\/index.php?rest_route=%2Fwp%2Fv2%2Fmedia&parent=14152"}],"wp:term":[{"taxonomy":"category","embeddable":true,"href":"http:\/\/fmdelpueblo.ar\/index.php?rest_route=%2Fwp%2Fv2%2Fcategories&post=14152"},{"taxonomy":"post_tag","embeddable":true,"href":"http:\/\/fmdelpueblo.ar\/index.php?rest_route=%2Fwp%2Fv2%2Ftags&post=14152"}],"curies":[{"name":"wp","href":"https:\/\/api.w.org\/{rel}","templated":true}]}}