{"id":14149,"date":"2022-04-30T16:27:45","date_gmt":"2022-04-30T16:27:45","guid":{"rendered":"http:\/\/fmdelpueblo.ar\/?p=14149"},"modified":"2022-04-30T16:27:45","modified_gmt":"2022-04-30T16:27:45","slug":"quintela-quiere-bloquear-a-medios-portenos-en-el-norte-se-creen-duenos-de-la-verdad-absoluta","status":"publish","type":"post","link":"http:\/\/fmdelpueblo.ar\/?p=14149","title":{"rendered":"Quintela quiere bloquear a medios porte\u00f1os en el norte: \u00abSe creen due\u00f1os de la verdad absoluta\u00bb"},"content":{"rendered":"<\/p>\n<p>\u00abNo podemos tener que estar todo el tiempo consumiendo informaci\u00f3n podrida, mentirosa, falaz e interesada, que confunde al conjunto de la sociedad argentina y no la podemos comprobar\u00bb, dijo el mandatario riojano, que propondr\u00e1 crear una red de canales p\u00fablicos en el norte. <a href=\"https:\/\/www.perfil.com\/noticias\/actualidad\/quintela-quiere-bloquear-a-los-medios-portenos-en-la-rioja-se-creen-duenos-de-la-verdad-absoluta.phtml\">Leer m\u00e1s<\/a><\/p>\n","protected":false},"excerpt":{"rendered":"<p>\u00abNo podemos tener que estar todo el tiempo consumiendo informaci\u00f3n podrida, mentirosa, falaz e interesada, que confunde al conjunto de la sociedad argentina y no la podemos comprobar\u00bb, dijo el mandatario riojano, que propondr\u00e1 crear una red de canales p\u00fablicos en el norte. Leer m\u00e1s<\/p>\n","protected":false},"author":0,"featured_media":0,"comment_status":"","ping_status":"","sticky":false,"template":"","format":"standard","meta":{"footnotes":""},"categories":[1],"tags":[],"class_list":["post-14149","post","type-post","status-publish","format-standard","hentry","category-sin-categoria"],"_links":{"self":[{"href":"http:\/\/fmdelpueblo.ar\/index.php?rest_route=\/wp\/v2\/posts\/14149","targetHints":{"allow":["GET"]}}],"collection":[{"href":"http:\/\/fmdelpueblo.ar\/index.php?rest_route=\/wp\/v2\/posts"}],"about":[{"href":"http:\/\/fmdelpueblo.ar\/index.php?rest_route=\/wp\/v2\/types\/post"}],"replies":[{"embeddable":true,"href":"http:\/\/fmdelpueblo.ar\/index.php?rest_route=%2Fwp%2Fv2%2Fcomments&post=14149"}],"version-history":[{"count":0,"href":"http:\/\/fmdelpueblo.ar\/index.php?rest_route=\/wp\/v2\/posts\/14149\/revisions"}],"wp:attachment":[{"href":"http:\/\/fmdelpueblo.ar\/index.php?rest_route=%2Fwp%2Fv2%2Fmedia&parent=14149"}],"wp:term":[{"taxonomy":"category","embeddable":true,"href":"http:\/\/fmdelpueblo.ar\/index.php?rest_route=%2Fwp%2Fv2%2Fcategories&post=14149"},{"taxonomy":"post_tag","embeddable":true,"href":"http:\/\/fmdelpueblo.ar\/index.php?rest_route=%2Fwp%2Fv2%2Ftags&post=14149"}],"curies":[{"name":"wp","href":"https:\/\/api.w.org\/{rel}","templated":true}]}}