{"id":14148,"date":"2022-04-30T15:09:27","date_gmt":"2022-04-30T15:09:27","guid":{"rendered":"http:\/\/fmdelpueblo.ar\/?p=14148"},"modified":"2022-04-30T15:09:27","modified_gmt":"2022-04-30T15:09:27","slug":"cafiero-anudo-una-importante-suba-de-las-ventas-de-harina-de-soja-a-la-india","status":"publish","type":"post","link":"http:\/\/fmdelpueblo.ar\/?p=14148","title":{"rendered":"Cafiero anud\u00f3 una importante suba de las ventas de harina de soja a la India"},"content":{"rendered":"<\/p>\n<p>El canciller se reuni\u00f3 con el premier hind\u00fa, Narendra Modi, encuentro en el que acordaron que ese gigante asi\u00e1tico ampliar\u00e1 sus importaciones en ese rubro a 550.000 toneladas, un negocio de 220 millones de d\u00f3lares. <a href=\"https:\/\/www.perfil.com\/noticias\/internacional\/india-aumentara-su-compra-de-harina-de-soja-a-argentina-un-negocio-de-220-millones-de-dolares.phtml\">Leer m\u00e1s<\/a><\/p>\n","protected":false},"excerpt":{"rendered":"<p>El canciller se reuni\u00f3 con el premier hind\u00fa, Narendra Modi, encuentro en el que acordaron que ese gigante asi\u00e1tico ampliar\u00e1 sus importaciones en ese rubro a 550.000 toneladas, un negocio de 220 millones de d\u00f3lares. Leer m\u00e1s<\/p>\n","protected":false},"author":0,"featured_media":0,"comment_status":"","ping_status":"","sticky":false,"template":"","format":"standard","meta":{"footnotes":""},"categories":[1],"tags":[],"class_list":["post-14148","post","type-post","status-publish","format-standard","hentry","category-sin-categoria"],"_links":{"self":[{"href":"http:\/\/fmdelpueblo.ar\/index.php?rest_route=\/wp\/v2\/posts\/14148","targetHints":{"allow":["GET"]}}],"collection":[{"href":"http:\/\/fmdelpueblo.ar\/index.php?rest_route=\/wp\/v2\/posts"}],"about":[{"href":"http:\/\/fmdelpueblo.ar\/index.php?rest_route=\/wp\/v2\/types\/post"}],"replies":[{"embeddable":true,"href":"http:\/\/fmdelpueblo.ar\/index.php?rest_route=%2Fwp%2Fv2%2Fcomments&post=14148"}],"version-history":[{"count":0,"href":"http:\/\/fmdelpueblo.ar\/index.php?rest_route=\/wp\/v2\/posts\/14148\/revisions"}],"wp:attachment":[{"href":"http:\/\/fmdelpueblo.ar\/index.php?rest_route=%2Fwp%2Fv2%2Fmedia&parent=14148"}],"wp:term":[{"taxonomy":"category","embeddable":true,"href":"http:\/\/fmdelpueblo.ar\/index.php?rest_route=%2Fwp%2Fv2%2Fcategories&post=14148"},{"taxonomy":"post_tag","embeddable":true,"href":"http:\/\/fmdelpueblo.ar\/index.php?rest_route=%2Fwp%2Fv2%2Ftags&post=14148"}],"curies":[{"name":"wp","href":"https:\/\/api.w.org\/{rel}","templated":true}]}}