{"id":14146,"date":"2022-04-30T13:09:18","date_gmt":"2022-04-30T13:09:18","guid":{"rendered":"https:\/\/fmdelpueblo.ar\/?p=14146"},"modified":"2022-04-30T13:09:18","modified_gmt":"2022-04-30T13:09:18","slug":"hace-45-anos-las-madres-de-plaza-de-mayo-comenzaron-a-caminar","status":"publish","type":"post","link":"http:\/\/fmdelpueblo.ar\/?p=14146","title":{"rendered":"Hace 45 a\u00f1os, las Madres de Plaza de Mayo comenzaron a caminar"},"content":{"rendered":"<\/p>\n<p>Sin pa\u00f1uelos, sin lemas y sin apoyo internacional, las \u201clocas de Plaza de Mayo\u201d comenzaron a caminar un s\u00e1bado, hace casi medio siglo. Quer\u00edan saber d\u00f3nde estaban sus hijos y nadie se los dec\u00eda. Lo que empez\u00f3 de casualidad, por tomar al pie de la letra la orden policial de \u201ccircular\u201d, se convirti\u00f3 en un gesto simb\u00f3lico del derecho a la vida y la identidad.  <a href=\"https:\/\/www.perfil.com\/noticias\/sociedad\/hace-45-anos-las-madres-de-plaza-de-mayo-comenzaron-a-caminar.phtml\">Leer m\u00e1s<\/a><\/p>\n","protected":false},"excerpt":{"rendered":"<p>Sin pa\u00f1uelos, sin lemas y sin apoyo internacional, las \u201clocas de Plaza de Mayo\u201d comenzaron a caminar un s\u00e1bado, hace casi medio siglo. Quer\u00edan saber d\u00f3nde estaban sus hijos y nadie se los dec\u00eda. Lo que empez\u00f3 de casualidad, por tomar al pie de la letra la orden policial de \u201ccircular\u201d, se convirti\u00f3 en un [&hellip;]<\/p>\n","protected":false},"author":0,"featured_media":0,"comment_status":"","ping_status":"","sticky":false,"template":"","format":"standard","meta":{"footnotes":""},"categories":[1],"tags":[],"class_list":["post-14146","post","type-post","status-publish","format-standard","hentry","category-sin-categoria"],"_links":{"self":[{"href":"http:\/\/fmdelpueblo.ar\/index.php?rest_route=\/wp\/v2\/posts\/14146","targetHints":{"allow":["GET"]}}],"collection":[{"href":"http:\/\/fmdelpueblo.ar\/index.php?rest_route=\/wp\/v2\/posts"}],"about":[{"href":"http:\/\/fmdelpueblo.ar\/index.php?rest_route=\/wp\/v2\/types\/post"}],"replies":[{"embeddable":true,"href":"http:\/\/fmdelpueblo.ar\/index.php?rest_route=%2Fwp%2Fv2%2Fcomments&post=14146"}],"version-history":[{"count":0,"href":"http:\/\/fmdelpueblo.ar\/index.php?rest_route=\/wp\/v2\/posts\/14146\/revisions"}],"wp:attachment":[{"href":"http:\/\/fmdelpueblo.ar\/index.php?rest_route=%2Fwp%2Fv2%2Fmedia&parent=14146"}],"wp:term":[{"taxonomy":"category","embeddable":true,"href":"http:\/\/fmdelpueblo.ar\/index.php?rest_route=%2Fwp%2Fv2%2Fcategories&post=14146"},{"taxonomy":"post_tag","embeddable":true,"href":"http:\/\/fmdelpueblo.ar\/index.php?rest_route=%2Fwp%2Fv2%2Ftags&post=14146"}],"curies":[{"name":"wp","href":"https:\/\/api.w.org\/{rel}","templated":true}]}}