{"id":14140,"date":"2022-04-30T09:10:02","date_gmt":"2022-04-30T09:10:02","guid":{"rendered":"https:\/\/fmdelpueblo.ar\/?p=14140"},"modified":"2022-04-30T09:10:02","modified_gmt":"2022-04-30T09:10:02","slug":"a-roman-no-le-reclamamos-nada-se-lo-gano","status":"publish","type":"post","link":"http:\/\/fmdelpueblo.ar\/?p=14140","title":{"rendered":"\u201cA Rom\u00e1n no le reclamamos nada, se lo gan\u00f3\u201d"},"content":{"rendered":"<\/p>\n<p>El escritor acaba de reeditar el libro \u201cboquita\u201d, una versi\u00f3n que complet\u00f3 su hijo Juan. Resignados por el pobre desempe\u00f1o de Boca, en esta entrevista bancan a Riquelme, chicanean a Gallardo y se cruzan por Maradona. <a href=\"https:\/\/www.perfil.com\/noticias\/deportes\/a-roman-no-le-reclamamos-nada-se-lo-gano.phtml\">Leer m\u00e1s<\/a><\/p>\n","protected":false},"excerpt":{"rendered":"<p>El escritor acaba de reeditar el libro \u201cboquita\u201d, una versi\u00f3n que complet\u00f3 su hijo Juan. Resignados por el pobre desempe\u00f1o de Boca, en esta entrevista bancan a Riquelme, chicanean a Gallardo y se cruzan por Maradona. Leer m\u00e1s<\/p>\n","protected":false},"author":0,"featured_media":0,"comment_status":"","ping_status":"","sticky":false,"template":"","format":"standard","meta":{"footnotes":""},"categories":[1],"tags":[],"class_list":["post-14140","post","type-post","status-publish","format-standard","hentry","category-sin-categoria"],"_links":{"self":[{"href":"http:\/\/fmdelpueblo.ar\/index.php?rest_route=\/wp\/v2\/posts\/14140","targetHints":{"allow":["GET"]}}],"collection":[{"href":"http:\/\/fmdelpueblo.ar\/index.php?rest_route=\/wp\/v2\/posts"}],"about":[{"href":"http:\/\/fmdelpueblo.ar\/index.php?rest_route=\/wp\/v2\/types\/post"}],"replies":[{"embeddable":true,"href":"http:\/\/fmdelpueblo.ar\/index.php?rest_route=%2Fwp%2Fv2%2Fcomments&post=14140"}],"version-history":[{"count":0,"href":"http:\/\/fmdelpueblo.ar\/index.php?rest_route=\/wp\/v2\/posts\/14140\/revisions"}],"wp:attachment":[{"href":"http:\/\/fmdelpueblo.ar\/index.php?rest_route=%2Fwp%2Fv2%2Fmedia&parent=14140"}],"wp:term":[{"taxonomy":"category","embeddable":true,"href":"http:\/\/fmdelpueblo.ar\/index.php?rest_route=%2Fwp%2Fv2%2Fcategories&post=14140"},{"taxonomy":"post_tag","embeddable":true,"href":"http:\/\/fmdelpueblo.ar\/index.php?rest_route=%2Fwp%2Fv2%2Ftags&post=14140"}],"curies":[{"name":"wp","href":"https:\/\/api.w.org\/{rel}","templated":true}]}}