{"id":14134,"date":"2022-04-30T08:10:10","date_gmt":"2022-04-30T08:10:10","guid":{"rendered":"http:\/\/fmdelpueblo.ar\/?p=14134"},"modified":"2022-04-30T08:10:10","modified_gmt":"2022-04-30T08:10:10","slug":"feria-del-libro-de-buenos-aires-la-resiliencia","status":"publish","type":"post","link":"http:\/\/fmdelpueblo.ar\/?p=14134","title":{"rendered":"Feria del Libro de Buenos Aires: la resiliencia"},"content":{"rendered":"<\/p>\n<p>Entre la algarab\u00eda, la duda y la zozobra, la primera edici\u00f3n pospandemia de uno de los baluartes culturales de nuestro pa\u00eds emerge como un faro, a la vez que arrastra un caudal de interrogantes para aquellas editoriales que se vieron obligadas a fraccionar su oferta de novedades y tambi\u00e9n a disminuir la tirada de ejemplares. Los protagonistas de la industria analizan y reflexionan sobre el estado de situaci\u00f3n del sector. <a href=\"https:\/\/www.perfil.com\/noticias\/cultura\/feria-del-libro-de-buenos-aires-la-resiliencia.phtml\">Leer m\u00e1s<\/a><\/p>\n","protected":false},"excerpt":{"rendered":"<p>Entre la algarab\u00eda, la duda y la zozobra, la primera edici\u00f3n pospandemia de uno de los baluartes culturales de nuestro pa\u00eds emerge como un faro, a la vez que arrastra un caudal de interrogantes para aquellas editoriales que se vieron obligadas a fraccionar su oferta de novedades y tambi\u00e9n a disminuir la tirada de ejemplares. [&hellip;]<\/p>\n","protected":false},"author":0,"featured_media":0,"comment_status":"","ping_status":"","sticky":false,"template":"","format":"standard","meta":{"footnotes":""},"categories":[1],"tags":[],"class_list":["post-14134","post","type-post","status-publish","format-standard","hentry","category-sin-categoria"],"_links":{"self":[{"href":"http:\/\/fmdelpueblo.ar\/index.php?rest_route=\/wp\/v2\/posts\/14134","targetHints":{"allow":["GET"]}}],"collection":[{"href":"http:\/\/fmdelpueblo.ar\/index.php?rest_route=\/wp\/v2\/posts"}],"about":[{"href":"http:\/\/fmdelpueblo.ar\/index.php?rest_route=\/wp\/v2\/types\/post"}],"replies":[{"embeddable":true,"href":"http:\/\/fmdelpueblo.ar\/index.php?rest_route=%2Fwp%2Fv2%2Fcomments&post=14134"}],"version-history":[{"count":0,"href":"http:\/\/fmdelpueblo.ar\/index.php?rest_route=\/wp\/v2\/posts\/14134\/revisions"}],"wp:attachment":[{"href":"http:\/\/fmdelpueblo.ar\/index.php?rest_route=%2Fwp%2Fv2%2Fmedia&parent=14134"}],"wp:term":[{"taxonomy":"category","embeddable":true,"href":"http:\/\/fmdelpueblo.ar\/index.php?rest_route=%2Fwp%2Fv2%2Fcategories&post=14134"},{"taxonomy":"post_tag","embeddable":true,"href":"http:\/\/fmdelpueblo.ar\/index.php?rest_route=%2Fwp%2Fv2%2Ftags&post=14134"}],"curies":[{"name":"wp","href":"https:\/\/api.w.org\/{rel}","templated":true}]}}