{"id":14130,"date":"2022-04-30T07:09:30","date_gmt":"2022-04-30T07:09:30","guid":{"rendered":"https:\/\/fmdelpueblo.ar\/?p=14130"},"modified":"2022-04-30T07:09:30","modified_gmt":"2022-04-30T07:09:30","slug":"que-pasa-si-inyecto-aire-las-busquedas-en-la-web-del-acusado-de-matar-a-su-familia","status":"publish","type":"post","link":"http:\/\/fmdelpueblo.ar\/?p=14130","title":{"rendered":"\u201c\u00bfQu\u00e9 pasa si inyecto aire?\u201d: las b\u00fasquedas en la web del acusado de matar a su familia"},"content":{"rendered":"<\/p>\n<p>Pablo Dami\u00e1n Grottini est\u00e1 detenido sospechado de provocar las muertes de su hija de 10 a\u00f1os, su hermano, y su mam\u00e1. \u201cHay una pluralidad de indicios m\u00e1s que contundentes\u201d, asegur\u00f3 la fiscal que investiga el caso. <a href=\"https:\/\/www.perfil.com\/noticias\/policia\/que-pasa-si-inyecto-aire-las-busquedas-en-la-web-del-acusado-de-matar-a-su-familia.phtml\">Leer m\u00e1s<\/a><\/p>\n","protected":false},"excerpt":{"rendered":"<p>Pablo Dami\u00e1n Grottini est\u00e1 detenido sospechado de provocar las muertes de su hija de 10 a\u00f1os, su hermano, y su mam\u00e1. \u201cHay una pluralidad de indicios m\u00e1s que contundentes\u201d, asegur\u00f3 la fiscal que investiga el caso. Leer m\u00e1s<\/p>\n","protected":false},"author":0,"featured_media":0,"comment_status":"","ping_status":"","sticky":false,"template":"","format":"standard","meta":{"footnotes":""},"categories":[1],"tags":[],"class_list":["post-14130","post","type-post","status-publish","format-standard","hentry","category-sin-categoria"],"_links":{"self":[{"href":"http:\/\/fmdelpueblo.ar\/index.php?rest_route=\/wp\/v2\/posts\/14130","targetHints":{"allow":["GET"]}}],"collection":[{"href":"http:\/\/fmdelpueblo.ar\/index.php?rest_route=\/wp\/v2\/posts"}],"about":[{"href":"http:\/\/fmdelpueblo.ar\/index.php?rest_route=\/wp\/v2\/types\/post"}],"replies":[{"embeddable":true,"href":"http:\/\/fmdelpueblo.ar\/index.php?rest_route=%2Fwp%2Fv2%2Fcomments&post=14130"}],"version-history":[{"count":0,"href":"http:\/\/fmdelpueblo.ar\/index.php?rest_route=\/wp\/v2\/posts\/14130\/revisions"}],"wp:attachment":[{"href":"http:\/\/fmdelpueblo.ar\/index.php?rest_route=%2Fwp%2Fv2%2Fmedia&parent=14130"}],"wp:term":[{"taxonomy":"category","embeddable":true,"href":"http:\/\/fmdelpueblo.ar\/index.php?rest_route=%2Fwp%2Fv2%2Fcategories&post=14130"},{"taxonomy":"post_tag","embeddable":true,"href":"http:\/\/fmdelpueblo.ar\/index.php?rest_route=%2Fwp%2Fv2%2Ftags&post=14130"}],"curies":[{"name":"wp","href":"https:\/\/api.w.org\/{rel}","templated":true}]}}