{"id":14129,"date":"2022-04-30T07:09:30","date_gmt":"2022-04-30T07:09:30","guid":{"rendered":"https:\/\/fmdelpueblo.ar\/?p=14129"},"modified":"2022-04-30T07:09:30","modified_gmt":"2022-04-30T07:09:30","slug":"los-lujos-del-diablo-jacuzzi-pileta-y-cuatro-autos","status":"publish","type":"post","link":"http:\/\/fmdelpueblo.ar\/?p=14129","title":{"rendered":"Los lujos del Diablo: jacuzzi, pileta y cuatro autos"},"content":{"rendered":"<\/p>\n<p>Se lo acusa de liderar una organizaci\u00f3n criminal que acopiaba y distribu\u00eda droga en el Conurbano y la Ciudad de Buenos Aires. Viv\u00eda en Lomas del Mirador. Su identificaci\u00f3n y posterior detenci\u00f3n demor\u00f3 cerca de cuatro a\u00f1os. <a href=\"https:\/\/www.perfil.com\/noticias\/policia\/los-lujos-del-diablo-jacuzzi-pileta-y-cuatro-autos.phtml\">Leer m\u00e1s<\/a><\/p>\n","protected":false},"excerpt":{"rendered":"<p>Se lo acusa de liderar una organizaci\u00f3n criminal que acopiaba y distribu\u00eda droga en el Conurbano y la Ciudad de Buenos Aires. Viv\u00eda en Lomas del Mirador. Su identificaci\u00f3n y posterior detenci\u00f3n demor\u00f3 cerca de cuatro a\u00f1os. Leer m\u00e1s<\/p>\n","protected":false},"author":0,"featured_media":0,"comment_status":"","ping_status":"","sticky":false,"template":"","format":"standard","meta":{"footnotes":""},"categories":[1],"tags":[],"class_list":["post-14129","post","type-post","status-publish","format-standard","hentry","category-sin-categoria"],"_links":{"self":[{"href":"http:\/\/fmdelpueblo.ar\/index.php?rest_route=\/wp\/v2\/posts\/14129","targetHints":{"allow":["GET"]}}],"collection":[{"href":"http:\/\/fmdelpueblo.ar\/index.php?rest_route=\/wp\/v2\/posts"}],"about":[{"href":"http:\/\/fmdelpueblo.ar\/index.php?rest_route=\/wp\/v2\/types\/post"}],"replies":[{"embeddable":true,"href":"http:\/\/fmdelpueblo.ar\/index.php?rest_route=%2Fwp%2Fv2%2Fcomments&post=14129"}],"version-history":[{"count":0,"href":"http:\/\/fmdelpueblo.ar\/index.php?rest_route=\/wp\/v2\/posts\/14129\/revisions"}],"wp:attachment":[{"href":"http:\/\/fmdelpueblo.ar\/index.php?rest_route=%2Fwp%2Fv2%2Fmedia&parent=14129"}],"wp:term":[{"taxonomy":"category","embeddable":true,"href":"http:\/\/fmdelpueblo.ar\/index.php?rest_route=%2Fwp%2Fv2%2Fcategories&post=14129"},{"taxonomy":"post_tag","embeddable":true,"href":"http:\/\/fmdelpueblo.ar\/index.php?rest_route=%2Fwp%2Fv2%2Ftags&post=14129"}],"curies":[{"name":"wp","href":"https:\/\/api.w.org\/{rel}","templated":true}]}}