{"id":14128,"date":"2022-04-30T06:09:54","date_gmt":"2022-04-30T06:09:54","guid":{"rendered":"https:\/\/fmdelpueblo.ar\/?p=14128"},"modified":"2022-04-30T06:09:54","modified_gmt":"2022-04-30T06:09:54","slug":"la-trama-oculta-del-affaire-de-jxc-con-milei-el-rol-de-macri-y-la-pelea-de-fondo","status":"publish","type":"post","link":"http:\/\/fmdelpueblo.ar\/?p=14128","title":{"rendered":"La trama oculta del affaire de JxC con Milei: el rol de Macri y la pelea de fondo"},"content":{"rendered":"<\/p>\n<p>La historia de una cumbre opositora y un comunicado que encendi\u00f3 una batalla pol\u00edtica. Qu\u00e9 dijo el ex presidente en privado. La furia de Bullrich y el rol de Larreta y Morales. <a href=\"https:\/\/www.perfil.com\/noticias\/politica\/la-trama-oculta-del-affaire-de-jxc-con-milei-el-rol-de-macri-y-la-pelea-de-fondo.phtml\">Leer m\u00e1s<\/a><\/p>\n","protected":false},"excerpt":{"rendered":"<p>La historia de una cumbre opositora y un comunicado que encendi\u00f3 una batalla pol\u00edtica. Qu\u00e9 dijo el ex presidente en privado. La furia de Bullrich y el rol de Larreta y Morales. Leer m\u00e1s<\/p>\n","protected":false},"author":0,"featured_media":0,"comment_status":"","ping_status":"","sticky":false,"template":"","format":"standard","meta":{"footnotes":""},"categories":[1],"tags":[],"class_list":["post-14128","post","type-post","status-publish","format-standard","hentry","category-sin-categoria"],"_links":{"self":[{"href":"http:\/\/fmdelpueblo.ar\/index.php?rest_route=\/wp\/v2\/posts\/14128","targetHints":{"allow":["GET"]}}],"collection":[{"href":"http:\/\/fmdelpueblo.ar\/index.php?rest_route=\/wp\/v2\/posts"}],"about":[{"href":"http:\/\/fmdelpueblo.ar\/index.php?rest_route=\/wp\/v2\/types\/post"}],"replies":[{"embeddable":true,"href":"http:\/\/fmdelpueblo.ar\/index.php?rest_route=%2Fwp%2Fv2%2Fcomments&post=14128"}],"version-history":[{"count":0,"href":"http:\/\/fmdelpueblo.ar\/index.php?rest_route=\/wp\/v2\/posts\/14128\/revisions"}],"wp:attachment":[{"href":"http:\/\/fmdelpueblo.ar\/index.php?rest_route=%2Fwp%2Fv2%2Fmedia&parent=14128"}],"wp:term":[{"taxonomy":"category","embeddable":true,"href":"http:\/\/fmdelpueblo.ar\/index.php?rest_route=%2Fwp%2Fv2%2Fcategories&post=14128"},{"taxonomy":"post_tag","embeddable":true,"href":"http:\/\/fmdelpueblo.ar\/index.php?rest_route=%2Fwp%2Fv2%2Ftags&post=14128"}],"curies":[{"name":"wp","href":"https:\/\/api.w.org\/{rel}","templated":true}]}}