{"id":14112,"date":"2022-04-30T05:09:38","date_gmt":"2022-04-30T05:09:38","guid":{"rendered":"https:\/\/fmdelpueblo.ar\/?p=14112"},"modified":"2022-04-30T05:09:38","modified_gmt":"2022-04-30T05:09:38","slug":"alberto-f-busca-revertir-desanimo-economico-que-genera-la-interna","status":"publish","type":"post","link":"http:\/\/fmdelpueblo.ar\/?p=14112","title":{"rendered":"Alberto F busca revertir des\u00e1nimo econ\u00f3mico que genera la interna"},"content":{"rendered":"<\/p>\n<p>En el entorno del Presidente insisten en que hay que darle batalla al desencanto y meterle fichas a la uni\u00f3n de la coalici\u00f3n. <a href=\"https:\/\/www.perfil.com\/noticias\/politica\/alberto-f-busca-revertir-desanimo-economico-que-genera-la-interna.phtml\">Leer m\u00e1s<\/a><\/p>\n","protected":false},"excerpt":{"rendered":"<p>En el entorno del Presidente insisten en que hay que darle batalla al desencanto y meterle fichas a la uni\u00f3n de la coalici\u00f3n. Leer m\u00e1s<\/p>\n","protected":false},"author":0,"featured_media":0,"comment_status":"","ping_status":"","sticky":false,"template":"","format":"standard","meta":{"footnotes":""},"categories":[1],"tags":[],"class_list":["post-14112","post","type-post","status-publish","format-standard","hentry","category-sin-categoria"],"_links":{"self":[{"href":"http:\/\/fmdelpueblo.ar\/index.php?rest_route=\/wp\/v2\/posts\/14112","targetHints":{"allow":["GET"]}}],"collection":[{"href":"http:\/\/fmdelpueblo.ar\/index.php?rest_route=\/wp\/v2\/posts"}],"about":[{"href":"http:\/\/fmdelpueblo.ar\/index.php?rest_route=\/wp\/v2\/types\/post"}],"replies":[{"embeddable":true,"href":"http:\/\/fmdelpueblo.ar\/index.php?rest_route=%2Fwp%2Fv2%2Fcomments&post=14112"}],"version-history":[{"count":0,"href":"http:\/\/fmdelpueblo.ar\/index.php?rest_route=\/wp\/v2\/posts\/14112\/revisions"}],"wp:attachment":[{"href":"http:\/\/fmdelpueblo.ar\/index.php?rest_route=%2Fwp%2Fv2%2Fmedia&parent=14112"}],"wp:term":[{"taxonomy":"category","embeddable":true,"href":"http:\/\/fmdelpueblo.ar\/index.php?rest_route=%2Fwp%2Fv2%2Fcategories&post=14112"},{"taxonomy":"post_tag","embeddable":true,"href":"http:\/\/fmdelpueblo.ar\/index.php?rest_route=%2Fwp%2Fv2%2Ftags&post=14112"}],"curies":[{"name":"wp","href":"https:\/\/api.w.org\/{rel}","templated":true}]}}