{"id":14108,"date":"2022-04-30T04:10:23","date_gmt":"2022-04-30T04:10:23","guid":{"rendered":"https:\/\/fmdelpueblo.ar\/?p=14108"},"modified":"2022-04-30T04:10:23","modified_gmt":"2022-04-30T04:10:23","slug":"la-pandemia-potencio-los-casos-de-bullying-virtual","status":"publish","type":"post","link":"http:\/\/fmdelpueblo.ar\/?p=14108","title":{"rendered":"La pandemia potenci\u00f3 los casos de bullying virtual"},"content":{"rendered":"<\/p>\n<p>Mar\u00eda Zysman, especialista en el tema explic\u00f3 cu\u00e1les son las nuevas formas de acoso escolar. Qu\u00e9 deben hacer los padres de un ni\u00f1o que sufre este tipo de situaciones. <a href=\"https:\/\/www.perfil.com\/noticias\/cordoba\/la-pandemia-potencio-los-casos-de-bullying-virtual.phtml\">Leer m\u00e1s<\/a><\/p>\n","protected":false},"excerpt":{"rendered":"<p>Mar\u00eda Zysman, especialista en el tema explic\u00f3 cu\u00e1les son las nuevas formas de acoso escolar. Qu\u00e9 deben hacer los padres de un ni\u00f1o que sufre este tipo de situaciones. Leer m\u00e1s<\/p>\n","protected":false},"author":0,"featured_media":0,"comment_status":"","ping_status":"","sticky":false,"template":"","format":"standard","meta":{"footnotes":""},"categories":[1],"tags":[],"class_list":["post-14108","post","type-post","status-publish","format-standard","hentry","category-sin-categoria"],"_links":{"self":[{"href":"http:\/\/fmdelpueblo.ar\/index.php?rest_route=\/wp\/v2\/posts\/14108","targetHints":{"allow":["GET"]}}],"collection":[{"href":"http:\/\/fmdelpueblo.ar\/index.php?rest_route=\/wp\/v2\/posts"}],"about":[{"href":"http:\/\/fmdelpueblo.ar\/index.php?rest_route=\/wp\/v2\/types\/post"}],"replies":[{"embeddable":true,"href":"http:\/\/fmdelpueblo.ar\/index.php?rest_route=%2Fwp%2Fv2%2Fcomments&post=14108"}],"version-history":[{"count":0,"href":"http:\/\/fmdelpueblo.ar\/index.php?rest_route=\/wp\/v2\/posts\/14108\/revisions"}],"wp:attachment":[{"href":"http:\/\/fmdelpueblo.ar\/index.php?rest_route=%2Fwp%2Fv2%2Fmedia&parent=14108"}],"wp:term":[{"taxonomy":"category","embeddable":true,"href":"http:\/\/fmdelpueblo.ar\/index.php?rest_route=%2Fwp%2Fv2%2Fcategories&post=14108"},{"taxonomy":"post_tag","embeddable":true,"href":"http:\/\/fmdelpueblo.ar\/index.php?rest_route=%2Fwp%2Fv2%2Ftags&post=14108"}],"curies":[{"name":"wp","href":"https:\/\/api.w.org\/{rel}","templated":true}]}}