{"id":14105,"date":"2022-04-30T04:10:22","date_gmt":"2022-04-30T04:10:22","guid":{"rendered":"https:\/\/fmdelpueblo.ar\/?p=14105"},"modified":"2022-04-30T04:10:22","modified_gmt":"2022-04-30T04:10:22","slug":"las-candidaturas-no-se-deben-definir-en-operaciones-mediaticas-o-acuerdos-de-cafe","status":"publish","type":"post","link":"http:\/\/fmdelpueblo.ar\/?p=14105","title":{"rendered":"\u201cLas candidaturas no se deben definir en operaciones medi\u00e1ticas o acuerdos de caf\u00e9\u201d"},"content":{"rendered":"<\/p>\n<p>El intendente de Villa Mar\u00eda afirm\u00f3 que, si el PJ provincial tiene la capacidad de construir consensos, su sector interno participar\u00e1. Reclaman representatividad en la Mesa Provincia-Municipios.<br \/>\n <a href=\"https:\/\/www.perfil.com\/noticias\/cordoba\/las-candidaturas-no-se-deben-definir-en-operaciones-mediaticas-o-acuerdos-de-cafe.phtml\">Leer m\u00e1s<\/a><\/p>\n","protected":false},"excerpt":{"rendered":"<p>El intendente de Villa Mar\u00eda afirm\u00f3 que, si el PJ provincial tiene la capacidad de construir consensos, su sector interno participar\u00e1. Reclaman representatividad en la Mesa Provincia-Municipios. Leer m\u00e1s<\/p>\n","protected":false},"author":0,"featured_media":0,"comment_status":"","ping_status":"","sticky":false,"template":"","format":"standard","meta":{"footnotes":""},"categories":[1],"tags":[],"class_list":["post-14105","post","type-post","status-publish","format-standard","hentry","category-sin-categoria"],"_links":{"self":[{"href":"http:\/\/fmdelpueblo.ar\/index.php?rest_route=\/wp\/v2\/posts\/14105","targetHints":{"allow":["GET"]}}],"collection":[{"href":"http:\/\/fmdelpueblo.ar\/index.php?rest_route=\/wp\/v2\/posts"}],"about":[{"href":"http:\/\/fmdelpueblo.ar\/index.php?rest_route=\/wp\/v2\/types\/post"}],"replies":[{"embeddable":true,"href":"http:\/\/fmdelpueblo.ar\/index.php?rest_route=%2Fwp%2Fv2%2Fcomments&post=14105"}],"version-history":[{"count":0,"href":"http:\/\/fmdelpueblo.ar\/index.php?rest_route=\/wp\/v2\/posts\/14105\/revisions"}],"wp:attachment":[{"href":"http:\/\/fmdelpueblo.ar\/index.php?rest_route=%2Fwp%2Fv2%2Fmedia&parent=14105"}],"wp:term":[{"taxonomy":"category","embeddable":true,"href":"http:\/\/fmdelpueblo.ar\/index.php?rest_route=%2Fwp%2Fv2%2Fcategories&post=14105"},{"taxonomy":"post_tag","embeddable":true,"href":"http:\/\/fmdelpueblo.ar\/index.php?rest_route=%2Fwp%2Fv2%2Ftags&post=14105"}],"curies":[{"name":"wp","href":"https:\/\/api.w.org\/{rel}","templated":true}]}}