{"id":14104,"date":"2022-04-30T04:10:22","date_gmt":"2022-04-30T04:10:22","guid":{"rendered":"https:\/\/fmdelpueblo.ar\/?p=14104"},"modified":"2022-04-30T04:10:22","modified_gmt":"2022-04-30T04:10:22","slug":"nissan-quiere-llevar-la-integracion-nacional-de-la-nueva-frontier-por-encima-del-40","status":"publish","type":"post","link":"http:\/\/fmdelpueblo.ar\/?p=14104","title":{"rendered":"Nissan quiere llevar la integraci\u00f3n nacional de la nueva Frontier por encima del 40%"},"content":{"rendered":"<\/p>\n<p>La automotriz comenz\u00f3 la producci\u00f3n de la nueva pick-up que tiene 35% de piezas nacionales. La expectativa por los nuevos mercados regionales y el dialogo con Naci\u00f3n por los d\u00f3lares para el sector.  <a href=\"https:\/\/www.perfil.com\/noticias\/cordoba\/nissan-quiere-llevar-la-integracion-nacional-de-la-nueva-frontier-por-encima-del-40.phtml\">Leer m\u00e1s<\/a><\/p>\n","protected":false},"excerpt":{"rendered":"<p>La automotriz comenz\u00f3 la producci\u00f3n de la nueva pick-up que tiene 35% de piezas nacionales. La expectativa por los nuevos mercados regionales y el dialogo con Naci\u00f3n por los d\u00f3lares para el sector. Leer m\u00e1s<\/p>\n","protected":false},"author":0,"featured_media":0,"comment_status":"","ping_status":"","sticky":false,"template":"","format":"standard","meta":{"footnotes":""},"categories":[1],"tags":[],"class_list":["post-14104","post","type-post","status-publish","format-standard","hentry","category-sin-categoria"],"_links":{"self":[{"href":"http:\/\/fmdelpueblo.ar\/index.php?rest_route=\/wp\/v2\/posts\/14104","targetHints":{"allow":["GET"]}}],"collection":[{"href":"http:\/\/fmdelpueblo.ar\/index.php?rest_route=\/wp\/v2\/posts"}],"about":[{"href":"http:\/\/fmdelpueblo.ar\/index.php?rest_route=\/wp\/v2\/types\/post"}],"replies":[{"embeddable":true,"href":"http:\/\/fmdelpueblo.ar\/index.php?rest_route=%2Fwp%2Fv2%2Fcomments&post=14104"}],"version-history":[{"count":0,"href":"http:\/\/fmdelpueblo.ar\/index.php?rest_route=\/wp\/v2\/posts\/14104\/revisions"}],"wp:attachment":[{"href":"http:\/\/fmdelpueblo.ar\/index.php?rest_route=%2Fwp%2Fv2%2Fmedia&parent=14104"}],"wp:term":[{"taxonomy":"category","embeddable":true,"href":"http:\/\/fmdelpueblo.ar\/index.php?rest_route=%2Fwp%2Fv2%2Fcategories&post=14104"},{"taxonomy":"post_tag","embeddable":true,"href":"http:\/\/fmdelpueblo.ar\/index.php?rest_route=%2Fwp%2Fv2%2Ftags&post=14104"}],"curies":[{"name":"wp","href":"https:\/\/api.w.org\/{rel}","templated":true}]}}