{"id":14101,"date":"2022-04-30T04:10:22","date_gmt":"2022-04-30T04:10:22","guid":{"rendered":"https:\/\/fmdelpueblo.ar\/?p=14101"},"modified":"2022-04-30T04:10:22","modified_gmt":"2022-04-30T04:10:22","slug":"alberto-f-y-schiaretti-no-disimularon-tensiones-en-el-segundo-cara-a-cara-en-un-ano","status":"publish","type":"post","link":"http:\/\/fmdelpueblo.ar\/?p=14101","title":{"rendered":"Alberto F. y Schiaretti no disimularon tensiones en el segundo cara a cara en un a\u00f1o"},"content":{"rendered":"<\/p>\n<p>Encabezaron un acto en Nissan junto al CEO de la automotriz y, aunque evitaron cruzar cr\u00edticas, se percibi\u00f3 la incomodidad entre ambos. Cu\u00e1les eran las preocupaciones del Presidente en torno al discurso del gobernador.<br \/>\n <a href=\"https:\/\/www.perfil.com\/noticias\/cordoba\/alberto-f-y-schiaretti-no-disimularon-tensiones-en-el-segundo-cara-a-cara-en-un-ano.phtml\">Leer m\u00e1s<\/a><\/p>\n","protected":false},"excerpt":{"rendered":"<p>Encabezaron un acto en Nissan junto al CEO de la automotriz y, aunque evitaron cruzar cr\u00edticas, se percibi\u00f3 la incomodidad entre ambos. Cu\u00e1les eran las preocupaciones del Presidente en torno al discurso del gobernador. Leer m\u00e1s<\/p>\n","protected":false},"author":0,"featured_media":0,"comment_status":"","ping_status":"","sticky":false,"template":"","format":"standard","meta":{"footnotes":""},"categories":[1],"tags":[],"class_list":["post-14101","post","type-post","status-publish","format-standard","hentry","category-sin-categoria"],"_links":{"self":[{"href":"http:\/\/fmdelpueblo.ar\/index.php?rest_route=\/wp\/v2\/posts\/14101","targetHints":{"allow":["GET"]}}],"collection":[{"href":"http:\/\/fmdelpueblo.ar\/index.php?rest_route=\/wp\/v2\/posts"}],"about":[{"href":"http:\/\/fmdelpueblo.ar\/index.php?rest_route=\/wp\/v2\/types\/post"}],"replies":[{"embeddable":true,"href":"http:\/\/fmdelpueblo.ar\/index.php?rest_route=%2Fwp%2Fv2%2Fcomments&post=14101"}],"version-history":[{"count":0,"href":"http:\/\/fmdelpueblo.ar\/index.php?rest_route=\/wp\/v2\/posts\/14101\/revisions"}],"wp:attachment":[{"href":"http:\/\/fmdelpueblo.ar\/index.php?rest_route=%2Fwp%2Fv2%2Fmedia&parent=14101"}],"wp:term":[{"taxonomy":"category","embeddable":true,"href":"http:\/\/fmdelpueblo.ar\/index.php?rest_route=%2Fwp%2Fv2%2Fcategories&post=14101"},{"taxonomy":"post_tag","embeddable":true,"href":"http:\/\/fmdelpueblo.ar\/index.php?rest_route=%2Fwp%2Fv2%2Ftags&post=14101"}],"curies":[{"name":"wp","href":"https:\/\/api.w.org\/{rel}","templated":true}]}}