{"id":14095,"date":"2022-04-30T03:09:08","date_gmt":"2022-04-30T03:09:08","guid":{"rendered":"https:\/\/fmdelpueblo.ar\/?p=14095"},"modified":"2022-04-30T03:09:08","modified_gmt":"2022-04-30T03:09:08","slug":"cobijo-empresarial-para-guzman-al-volver-los-embates-y-rumores-sobre-su-posible-salida","status":"publish","type":"post","link":"http:\/\/fmdelpueblo.ar\/?p=14095","title":{"rendered":"Cobijo empresarial para Guzm\u00e1n al volver los embates y rumores sobre su posible salida"},"content":{"rendered":"<\/p>\n<p>El ministro de Econom\u00eda fue el \u00fanico funcionario en una selecta cumbre empresarial en Bariloche. El sector privado cree que un cambio ministerial redundar\u00eda en m\u00e1s intervencionismo. <a href=\"https:\/\/www.perfil.com\/noticias\/politica\/cobijo-empresarial-para-guzman-al-volver-los-embates-y-rumores-sobre-su-posible-salida.phtml\">Leer m\u00e1s<\/a><\/p>\n","protected":false},"excerpt":{"rendered":"<p>El ministro de Econom\u00eda fue el \u00fanico funcionario en una selecta cumbre empresarial en Bariloche. El sector privado cree que un cambio ministerial redundar\u00eda en m\u00e1s intervencionismo. Leer m\u00e1s<\/p>\n","protected":false},"author":0,"featured_media":0,"comment_status":"","ping_status":"","sticky":false,"template":"","format":"standard","meta":{"footnotes":""},"categories":[1],"tags":[],"class_list":["post-14095","post","type-post","status-publish","format-standard","hentry","category-sin-categoria"],"_links":{"self":[{"href":"http:\/\/fmdelpueblo.ar\/index.php?rest_route=\/wp\/v2\/posts\/14095","targetHints":{"allow":["GET"]}}],"collection":[{"href":"http:\/\/fmdelpueblo.ar\/index.php?rest_route=\/wp\/v2\/posts"}],"about":[{"href":"http:\/\/fmdelpueblo.ar\/index.php?rest_route=\/wp\/v2\/types\/post"}],"replies":[{"embeddable":true,"href":"http:\/\/fmdelpueblo.ar\/index.php?rest_route=%2Fwp%2Fv2%2Fcomments&post=14095"}],"version-history":[{"count":0,"href":"http:\/\/fmdelpueblo.ar\/index.php?rest_route=\/wp\/v2\/posts\/14095\/revisions"}],"wp:attachment":[{"href":"http:\/\/fmdelpueblo.ar\/index.php?rest_route=%2Fwp%2Fv2%2Fmedia&parent=14095"}],"wp:term":[{"taxonomy":"category","embeddable":true,"href":"http:\/\/fmdelpueblo.ar\/index.php?rest_route=%2Fwp%2Fv2%2Fcategories&post=14095"},{"taxonomy":"post_tag","embeddable":true,"href":"http:\/\/fmdelpueblo.ar\/index.php?rest_route=%2Fwp%2Fv2%2Ftags&post=14095"}],"curies":[{"name":"wp","href":"https:\/\/api.w.org\/{rel}","templated":true}]}}