{"id":14091,"date":"2022-04-30T03:09:07","date_gmt":"2022-04-30T03:09:07","guid":{"rendered":"https:\/\/fmdelpueblo.ar\/?p=14091"},"modified":"2022-04-30T03:09:07","modified_gmt":"2022-04-30T03:09:07","slug":"elisa-lilita-carrio-los-hijos-de-cristina-kirchner-hoy-terminan-votando-por-milei","status":"publish","type":"post","link":"http:\/\/fmdelpueblo.ar\/?p=14091","title":{"rendered":"Elisa &#8216;Lilita&#8217; Carri\u00f3: \u201cLos hijos de Cristina Kirchner hoy terminan votando por Milei\u201d"},"content":{"rendered":"<\/p>\n<p>Luego de varios meses de ausencia, la dirigente de Juntos por el Cambio se suma a las m\u00faltiples voces del escenario pol\u00edtico actual, para dar el necesario debate p\u00fablico, seg\u00fan sus propias palabras, entre la libertad a partir de un n\u00facleo moral, o la libertad del goce perpetuo, que es el libertarismo. <a href=\"https:\/\/www.perfil.com\/noticias\/periodismopuro\/elisa-lilita-carrio-los-hijos-de-cristina-kirchner-hoy-terminan-votando-por-milei-por-jorge-fontevecchia.phtml\">Leer m\u00e1s<\/a><\/p>\n","protected":false},"excerpt":{"rendered":"<p>Luego de varios meses de ausencia, la dirigente de Juntos por el Cambio se suma a las m\u00faltiples voces del escenario pol\u00edtico actual, para dar el necesario debate p\u00fablico, seg\u00fan sus propias palabras, entre la libertad a partir de un n\u00facleo moral, o la libertad del goce perpetuo, que es el libertarismo. Leer m\u00e1s<\/p>\n","protected":false},"author":0,"featured_media":0,"comment_status":"","ping_status":"","sticky":false,"template":"","format":"standard","meta":{"footnotes":""},"categories":[1],"tags":[],"class_list":["post-14091","post","type-post","status-publish","format-standard","hentry","category-sin-categoria"],"_links":{"self":[{"href":"http:\/\/fmdelpueblo.ar\/index.php?rest_route=\/wp\/v2\/posts\/14091","targetHints":{"allow":["GET"]}}],"collection":[{"href":"http:\/\/fmdelpueblo.ar\/index.php?rest_route=\/wp\/v2\/posts"}],"about":[{"href":"http:\/\/fmdelpueblo.ar\/index.php?rest_route=\/wp\/v2\/types\/post"}],"replies":[{"embeddable":true,"href":"http:\/\/fmdelpueblo.ar\/index.php?rest_route=%2Fwp%2Fv2%2Fcomments&post=14091"}],"version-history":[{"count":0,"href":"http:\/\/fmdelpueblo.ar\/index.php?rest_route=\/wp\/v2\/posts\/14091\/revisions"}],"wp:attachment":[{"href":"http:\/\/fmdelpueblo.ar\/index.php?rest_route=%2Fwp%2Fv2%2Fmedia&parent=14091"}],"wp:term":[{"taxonomy":"category","embeddable":true,"href":"http:\/\/fmdelpueblo.ar\/index.php?rest_route=%2Fwp%2Fv2%2Fcategories&post=14091"},{"taxonomy":"post_tag","embeddable":true,"href":"http:\/\/fmdelpueblo.ar\/index.php?rest_route=%2Fwp%2Fv2%2Ftags&post=14091"}],"curies":[{"name":"wp","href":"https:\/\/api.w.org\/{rel}","templated":true}]}}