{"id":14089,"date":"2022-04-30T02:10:02","date_gmt":"2022-04-30T02:10:02","guid":{"rendered":"https:\/\/fmdelpueblo.ar\/?p=14089"},"modified":"2022-04-30T02:10:02","modified_gmt":"2022-04-30T02:10:02","slug":"ignacio-hutin-esta-claro-que-putin-tiene-alguna-dificultad-fisica","status":"publish","type":"post","link":"http:\/\/fmdelpueblo.ar\/?p=14089","title":{"rendered":"Ignacio Hutin: \u00abEst\u00e1 claro que Putin tiene alguna dificultad f\u00edsica\u00bb"},"content":{"rendered":"<\/p>\n<p>El analista internacional se refiri\u00f3 a la salud del presidente de Rusia y lo compar\u00f3 con la situaci\u00f3n que atraves\u00f3 Joseph Stalin en la Segunda Guerra Mundial.  <a href=\"https:\/\/www.perfil.com\/noticias\/reperfilar\/ignacio-hutin-esta-claro-que-putin-tiene-alguna-dificultad-fisica.phtml\">Leer m\u00e1s<\/a><\/p>\n","protected":false},"excerpt":{"rendered":"<p>El analista internacional se refiri\u00f3 a la salud del presidente de Rusia y lo compar\u00f3 con la situaci\u00f3n que atraves\u00f3 Joseph Stalin en la Segunda Guerra Mundial. Leer m\u00e1s<\/p>\n","protected":false},"author":0,"featured_media":0,"comment_status":"","ping_status":"","sticky":false,"template":"","format":"standard","meta":{"footnotes":""},"categories":[1],"tags":[],"class_list":["post-14089","post","type-post","status-publish","format-standard","hentry","category-sin-categoria"],"_links":{"self":[{"href":"http:\/\/fmdelpueblo.ar\/index.php?rest_route=\/wp\/v2\/posts\/14089","targetHints":{"allow":["GET"]}}],"collection":[{"href":"http:\/\/fmdelpueblo.ar\/index.php?rest_route=\/wp\/v2\/posts"}],"about":[{"href":"http:\/\/fmdelpueblo.ar\/index.php?rest_route=\/wp\/v2\/types\/post"}],"replies":[{"embeddable":true,"href":"http:\/\/fmdelpueblo.ar\/index.php?rest_route=%2Fwp%2Fv2%2Fcomments&post=14089"}],"version-history":[{"count":0,"href":"http:\/\/fmdelpueblo.ar\/index.php?rest_route=\/wp\/v2\/posts\/14089\/revisions"}],"wp:attachment":[{"href":"http:\/\/fmdelpueblo.ar\/index.php?rest_route=%2Fwp%2Fv2%2Fmedia&parent=14089"}],"wp:term":[{"taxonomy":"category","embeddable":true,"href":"http:\/\/fmdelpueblo.ar\/index.php?rest_route=%2Fwp%2Fv2%2Fcategories&post=14089"},{"taxonomy":"post_tag","embeddable":true,"href":"http:\/\/fmdelpueblo.ar\/index.php?rest_route=%2Fwp%2Fv2%2Ftags&post=14089"}],"curies":[{"name":"wp","href":"https:\/\/api.w.org\/{rel}","templated":true}]}}