{"id":14087,"date":"2022-04-30T02:10:01","date_gmt":"2022-04-30T02:10:01","guid":{"rendered":"https:\/\/fmdelpueblo.ar\/?p=14087"},"modified":"2022-04-30T02:10:01","modified_gmt":"2022-04-30T02:10:01","slug":"tu-musica-en-reperfilar-camilu-una-artista-que-cautiva-con-su-voz","status":"publish","type":"post","link":"http:\/\/fmdelpueblo.ar\/?p=14087","title":{"rendered":"Tu M\u00fasica en RePerfilAr: Camil\u00fa, una artista que cautiva con su voz"},"content":{"rendered":"<\/p>\n<p>En mayo de 2021, la artista lanz\u00f3 su primer disco titulado: \u00abCamil\u00fa\u00bb.\u00a0En enero de este a\u00f1o public\u00f3 su \u00faltimo single, \u00abLa luna y la miel\u00bb.  <a href=\"https:\/\/www.perfil.com\/noticias\/reperfilar\/tu-musica-en-reperfilar-camilu-una-artista-que-cautiva-con-su-voz.phtml\">Leer m\u00e1s<\/a><\/p>\n","protected":false},"excerpt":{"rendered":"<p>En mayo de 2021, la artista lanz\u00f3 su primer disco titulado: \u00abCamil\u00fa\u00bb.\u00a0En enero de este a\u00f1o public\u00f3 su \u00faltimo single, \u00abLa luna y la miel\u00bb. Leer m\u00e1s<\/p>\n","protected":false},"author":0,"featured_media":0,"comment_status":"","ping_status":"","sticky":false,"template":"","format":"standard","meta":{"footnotes":""},"categories":[1],"tags":[],"class_list":["post-14087","post","type-post","status-publish","format-standard","hentry","category-sin-categoria"],"_links":{"self":[{"href":"http:\/\/fmdelpueblo.ar\/index.php?rest_route=\/wp\/v2\/posts\/14087","targetHints":{"allow":["GET"]}}],"collection":[{"href":"http:\/\/fmdelpueblo.ar\/index.php?rest_route=\/wp\/v2\/posts"}],"about":[{"href":"http:\/\/fmdelpueblo.ar\/index.php?rest_route=\/wp\/v2\/types\/post"}],"replies":[{"embeddable":true,"href":"http:\/\/fmdelpueblo.ar\/index.php?rest_route=%2Fwp%2Fv2%2Fcomments&post=14087"}],"version-history":[{"count":0,"href":"http:\/\/fmdelpueblo.ar\/index.php?rest_route=\/wp\/v2\/posts\/14087\/revisions"}],"wp:attachment":[{"href":"http:\/\/fmdelpueblo.ar\/index.php?rest_route=%2Fwp%2Fv2%2Fmedia&parent=14087"}],"wp:term":[{"taxonomy":"category","embeddable":true,"href":"http:\/\/fmdelpueblo.ar\/index.php?rest_route=%2Fwp%2Fv2%2Fcategories&post=14087"},{"taxonomy":"post_tag","embeddable":true,"href":"http:\/\/fmdelpueblo.ar\/index.php?rest_route=%2Fwp%2Fv2%2Ftags&post=14087"}],"curies":[{"name":"wp","href":"https:\/\/api.w.org\/{rel}","templated":true}]}}