{"id":14085,"date":"2022-04-30T00:10:06","date_gmt":"2022-04-30T00:10:06","guid":{"rendered":"https:\/\/fmdelpueblo.ar\/?p=14085"},"modified":"2022-04-30T00:10:06","modified_gmt":"2022-04-30T00:10:06","slug":"la-justicia-rechazo-la-demanda-de-cristina-kirchner-contra-eduardo-feinmann-por-danos-y-perjuicios","status":"publish","type":"post","link":"http:\/\/fmdelpueblo.ar\/?p=14085","title":{"rendered":"La Justicia rechaz\u00f3 la demanda de Cristina Kirchner contra Eduardo Feinmann por \u00abda\u00f1os y perjuicios\u00bb"},"content":{"rendered":"<\/p>\n<p>La vicepresidenta hab\u00eda denunciado al periodista porque este la llam\u00f3 \u00abcretina y coimera\u00bb en un programa de televisi\u00f3n en 2016. Pero la Sala F de la C\u00e1mara Civil consider\u00f3 que sobre el reclamo de la vicepresidenta prevalece el derecho de Feinmann a la libertad de expresi\u00f3n. <a href=\"https:\/\/www.perfil.com\/noticias\/actualidad\/la-justicia-rechazo-el-juicio-de-cristina-kirchner-contra-eduardo-feinmann-por-danos-y-perjuicios.phtml\">Leer m\u00e1s<\/a><\/p>\n","protected":false},"excerpt":{"rendered":"<p>La vicepresidenta hab\u00eda denunciado al periodista porque este la llam\u00f3 \u00abcretina y coimera\u00bb en un programa de televisi\u00f3n en 2016. Pero la Sala F de la C\u00e1mara Civil consider\u00f3 que sobre el reclamo de la vicepresidenta prevalece el derecho de Feinmann a la libertad de expresi\u00f3n. Leer m\u00e1s<\/p>\n","protected":false},"author":0,"featured_media":0,"comment_status":"","ping_status":"","sticky":false,"template":"","format":"standard","meta":{"footnotes":""},"categories":[1],"tags":[],"class_list":["post-14085","post","type-post","status-publish","format-standard","hentry","category-sin-categoria"],"_links":{"self":[{"href":"http:\/\/fmdelpueblo.ar\/index.php?rest_route=\/wp\/v2\/posts\/14085","targetHints":{"allow":["GET"]}}],"collection":[{"href":"http:\/\/fmdelpueblo.ar\/index.php?rest_route=\/wp\/v2\/posts"}],"about":[{"href":"http:\/\/fmdelpueblo.ar\/index.php?rest_route=\/wp\/v2\/types\/post"}],"replies":[{"embeddable":true,"href":"http:\/\/fmdelpueblo.ar\/index.php?rest_route=%2Fwp%2Fv2%2Fcomments&post=14085"}],"version-history":[{"count":0,"href":"http:\/\/fmdelpueblo.ar\/index.php?rest_route=\/wp\/v2\/posts\/14085\/revisions"}],"wp:attachment":[{"href":"http:\/\/fmdelpueblo.ar\/index.php?rest_route=%2Fwp%2Fv2%2Fmedia&parent=14085"}],"wp:term":[{"taxonomy":"category","embeddable":true,"href":"http:\/\/fmdelpueblo.ar\/index.php?rest_route=%2Fwp%2Fv2%2Fcategories&post=14085"},{"taxonomy":"post_tag","embeddable":true,"href":"http:\/\/fmdelpueblo.ar\/index.php?rest_route=%2Fwp%2Fv2%2Ftags&post=14085"}],"curies":[{"name":"wp","href":"https:\/\/api.w.org\/{rel}","templated":true}]}}