{"id":14084,"date":"2022-04-30T00:10:06","date_gmt":"2022-04-30T00:10:06","guid":{"rendered":"https:\/\/fmdelpueblo.ar\/?p=14084"},"modified":"2022-04-30T00:10:06","modified_gmt":"2022-04-30T00:10:06","slug":"para-la-cgt-la-situacion-en-el-pais-es-preocupante-y-las-paritarias-y-bonos-son-alivios-transitorios","status":"publish","type":"post","link":"http:\/\/fmdelpueblo.ar\/?p=14084","title":{"rendered":"Para la CGT, la situaci\u00f3n en el pa\u00eds \u00abes preocupante\u00bb y las paritarias y bonos son \u00abalivios transitorios\u00bb"},"content":{"rendered":"<\/p>\n<p>Aunque hab\u00eda anunciado que no se movilizar\u00eda en el D\u00eda del Trabajo, emiti\u00f3 este viernes un documento en el que mostr\u00f3 una visi\u00f3n cr\u00edtica del panorama laboral. <a href=\"https:\/\/www.perfil.com\/noticias\/economia\/para-la-cgt-la-situacion-socioeconomica-es-preocupante-y-las-paritarias-y-bonos-son-alivios-transitorios.phtml\">Leer m\u00e1s<\/a><\/p>\n","protected":false},"excerpt":{"rendered":"<p>Aunque hab\u00eda anunciado que no se movilizar\u00eda en el D\u00eda del Trabajo, emiti\u00f3 este viernes un documento en el que mostr\u00f3 una visi\u00f3n cr\u00edtica del panorama laboral. Leer m\u00e1s<\/p>\n","protected":false},"author":0,"featured_media":0,"comment_status":"","ping_status":"","sticky":false,"template":"","format":"standard","meta":{"footnotes":""},"categories":[1],"tags":[],"class_list":["post-14084","post","type-post","status-publish","format-standard","hentry","category-sin-categoria"],"_links":{"self":[{"href":"http:\/\/fmdelpueblo.ar\/index.php?rest_route=\/wp\/v2\/posts\/14084","targetHints":{"allow":["GET"]}}],"collection":[{"href":"http:\/\/fmdelpueblo.ar\/index.php?rest_route=\/wp\/v2\/posts"}],"about":[{"href":"http:\/\/fmdelpueblo.ar\/index.php?rest_route=\/wp\/v2\/types\/post"}],"replies":[{"embeddable":true,"href":"http:\/\/fmdelpueblo.ar\/index.php?rest_route=%2Fwp%2Fv2%2Fcomments&post=14084"}],"version-history":[{"count":0,"href":"http:\/\/fmdelpueblo.ar\/index.php?rest_route=\/wp\/v2\/posts\/14084\/revisions"}],"wp:attachment":[{"href":"http:\/\/fmdelpueblo.ar\/index.php?rest_route=%2Fwp%2Fv2%2Fmedia&parent=14084"}],"wp:term":[{"taxonomy":"category","embeddable":true,"href":"http:\/\/fmdelpueblo.ar\/index.php?rest_route=%2Fwp%2Fv2%2Fcategories&post=14084"},{"taxonomy":"post_tag","embeddable":true,"href":"http:\/\/fmdelpueblo.ar\/index.php?rest_route=%2Fwp%2Fv2%2Ftags&post=14084"}],"curies":[{"name":"wp","href":"https:\/\/api.w.org\/{rel}","templated":true}]}}