{"id":14083,"date":"2022-04-30T00:10:05","date_gmt":"2022-04-30T00:10:05","guid":{"rendered":"https:\/\/fmdelpueblo.ar\/?p=14083"},"modified":"2022-04-30T00:10:05","modified_gmt":"2022-04-30T00:10:05","slug":"programa-buenos-aires-republica-blockchain","status":"publish","type":"post","link":"http:\/\/fmdelpueblo.ar\/?p=14083","title":{"rendered":"Programa Buenos Aires+: \u00ab\u00bfRep\u00fablica blockchain?\u00bb"},"content":{"rendered":"<\/p>\n<p>M\u00e1s all\u00e1 de los tr\u00e1mites que se van a habilitar para el pago a trav\u00e9s de las cripto, lo m\u00e1s importante es ver si se inician desde reg\u00edmenes o marcos normativos que regulen el celoso uso de los datos y las identidades o perfiles digitales. <a href=\"https:\/\/www.perfil.com\/noticias\/opinion\/javier-cubillas-programa-buenos-aires-republica-blockchain.phtml\">Leer m\u00e1s<\/a><\/p>\n","protected":false},"excerpt":{"rendered":"<p>M\u00e1s all\u00e1 de los tr\u00e1mites que se van a habilitar para el pago a trav\u00e9s de las cripto, lo m\u00e1s importante es ver si se inician desde reg\u00edmenes o marcos normativos que regulen el celoso uso de los datos y las identidades o perfiles digitales. Leer m\u00e1s<\/p>\n","protected":false},"author":0,"featured_media":0,"comment_status":"","ping_status":"","sticky":false,"template":"","format":"standard","meta":{"footnotes":""},"categories":[1],"tags":[],"class_list":["post-14083","post","type-post","status-publish","format-standard","hentry","category-sin-categoria"],"_links":{"self":[{"href":"http:\/\/fmdelpueblo.ar\/index.php?rest_route=\/wp\/v2\/posts\/14083","targetHints":{"allow":["GET"]}}],"collection":[{"href":"http:\/\/fmdelpueblo.ar\/index.php?rest_route=\/wp\/v2\/posts"}],"about":[{"href":"http:\/\/fmdelpueblo.ar\/index.php?rest_route=\/wp\/v2\/types\/post"}],"replies":[{"embeddable":true,"href":"http:\/\/fmdelpueblo.ar\/index.php?rest_route=%2Fwp%2Fv2%2Fcomments&post=14083"}],"version-history":[{"count":0,"href":"http:\/\/fmdelpueblo.ar\/index.php?rest_route=\/wp\/v2\/posts\/14083\/revisions"}],"wp:attachment":[{"href":"http:\/\/fmdelpueblo.ar\/index.php?rest_route=%2Fwp%2Fv2%2Fmedia&parent=14083"}],"wp:term":[{"taxonomy":"category","embeddable":true,"href":"http:\/\/fmdelpueblo.ar\/index.php?rest_route=%2Fwp%2Fv2%2Fcategories&post=14083"},{"taxonomy":"post_tag","embeddable":true,"href":"http:\/\/fmdelpueblo.ar\/index.php?rest_route=%2Fwp%2Fv2%2Ftags&post=14083"}],"curies":[{"name":"wp","href":"https:\/\/api.w.org\/{rel}","templated":true}]}}