{"id":14080,"date":"2022-04-30T00:10:05","date_gmt":"2022-04-30T00:10:05","guid":{"rendered":"https:\/\/fmdelpueblo.ar\/?p=14080"},"modified":"2022-04-30T00:10:05","modified_gmt":"2022-04-30T00:10:05","slug":"medios-internacionales-insisten-con-los-rumores-sobre-el-grave-estado-de-salud-de-vladimir-putin","status":"publish","type":"post","link":"http:\/\/fmdelpueblo.ar\/?p=14080","title":{"rendered":"Medios internacionales insisten con los rumores sobre \u00abel grave estado de salud\u00bb de Vladimir Putin"},"content":{"rendered":"<\/p>\n<p>Las \u00faltimas apariciones de videos del presidente ruso, Vladimir Putin, refuerzan las hip\u00f3tesis de que el mandatario tiene graves problemas de salud. Desde el gobierno ruso niegan todas esas teor\u00edas. <a href=\"https:\/\/www.perfil.com\/noticias\/actualidad\/medios-internacionales-lanzaron-rumores-el-grave-estado-de-salud-vladimir-putin.phtml\">Leer m\u00e1s<\/a><\/p>\n","protected":false},"excerpt":{"rendered":"<p>Las \u00faltimas apariciones de videos del presidente ruso, Vladimir Putin, refuerzan las hip\u00f3tesis de que el mandatario tiene graves problemas de salud. Desde el gobierno ruso niegan todas esas teor\u00edas. Leer m\u00e1s<\/p>\n","protected":false},"author":0,"featured_media":0,"comment_status":"","ping_status":"","sticky":false,"template":"","format":"standard","meta":{"footnotes":""},"categories":[1],"tags":[],"class_list":["post-14080","post","type-post","status-publish","format-standard","hentry","category-sin-categoria"],"_links":{"self":[{"href":"http:\/\/fmdelpueblo.ar\/index.php?rest_route=\/wp\/v2\/posts\/14080","targetHints":{"allow":["GET"]}}],"collection":[{"href":"http:\/\/fmdelpueblo.ar\/index.php?rest_route=\/wp\/v2\/posts"}],"about":[{"href":"http:\/\/fmdelpueblo.ar\/index.php?rest_route=\/wp\/v2\/types\/post"}],"replies":[{"embeddable":true,"href":"http:\/\/fmdelpueblo.ar\/index.php?rest_route=%2Fwp%2Fv2%2Fcomments&post=14080"}],"version-history":[{"count":0,"href":"http:\/\/fmdelpueblo.ar\/index.php?rest_route=\/wp\/v2\/posts\/14080\/revisions"}],"wp:attachment":[{"href":"http:\/\/fmdelpueblo.ar\/index.php?rest_route=%2Fwp%2Fv2%2Fmedia&parent=14080"}],"wp:term":[{"taxonomy":"category","embeddable":true,"href":"http:\/\/fmdelpueblo.ar\/index.php?rest_route=%2Fwp%2Fv2%2Fcategories&post=14080"},{"taxonomy":"post_tag","embeddable":true,"href":"http:\/\/fmdelpueblo.ar\/index.php?rest_route=%2Fwp%2Fv2%2Ftags&post=14080"}],"curies":[{"name":"wp","href":"https:\/\/api.w.org\/{rel}","templated":true}]}}