{"id":14078,"date":"2022-04-29T23:08:58","date_gmt":"2022-04-29T23:08:58","guid":{"rendered":"http:\/\/fmdelpueblo.ar\/?p=14078"},"modified":"2022-04-29T23:08:58","modified_gmt":"2022-04-29T23:08:58","slug":"un-panel-de-la-fda-va-a-estudiar-la-vacuna-contra-el-coronavirus-en-los-mas-chicos","status":"publish","type":"post","link":"http:\/\/fmdelpueblo.ar\/?p=14078","title":{"rendered":"Un panel de la FDA va a estudiar la vacuna contra el coronavirus en los m\u00e1s chicos"},"content":{"rendered":"<\/p>\n<p>M\u00e1s de 900 m\u00e9dicos enviaron una carta el mi\u00e9rcoles al comisionado de la FDA pidiendo una revisi\u00f3n r\u00e1pida de una vacuna covid para ni\u00f1os peque\u00f1os. <a href=\"https:\/\/www.perfil.com\/noticias\/bloomberg\/bc-panel-fda-revisaria-en-junio-vacuna-para-ninos-contra-covid-19.phtml\">Leer m\u00e1s<\/a><\/p>\n","protected":false},"excerpt":{"rendered":"<p>M\u00e1s de 900 m\u00e9dicos enviaron una carta el mi\u00e9rcoles al comisionado de la FDA pidiendo una revisi\u00f3n r\u00e1pida de una vacuna covid para ni\u00f1os peque\u00f1os. Leer m\u00e1s<\/p>\n","protected":false},"author":0,"featured_media":0,"comment_status":"","ping_status":"","sticky":false,"template":"","format":"standard","meta":{"footnotes":""},"categories":[1],"tags":[],"class_list":["post-14078","post","type-post","status-publish","format-standard","hentry","category-sin-categoria"],"_links":{"self":[{"href":"http:\/\/fmdelpueblo.ar\/index.php?rest_route=\/wp\/v2\/posts\/14078","targetHints":{"allow":["GET"]}}],"collection":[{"href":"http:\/\/fmdelpueblo.ar\/index.php?rest_route=\/wp\/v2\/posts"}],"about":[{"href":"http:\/\/fmdelpueblo.ar\/index.php?rest_route=\/wp\/v2\/types\/post"}],"replies":[{"embeddable":true,"href":"http:\/\/fmdelpueblo.ar\/index.php?rest_route=%2Fwp%2Fv2%2Fcomments&post=14078"}],"version-history":[{"count":0,"href":"http:\/\/fmdelpueblo.ar\/index.php?rest_route=\/wp\/v2\/posts\/14078\/revisions"}],"wp:attachment":[{"href":"http:\/\/fmdelpueblo.ar\/index.php?rest_route=%2Fwp%2Fv2%2Fmedia&parent=14078"}],"wp:term":[{"taxonomy":"category","embeddable":true,"href":"http:\/\/fmdelpueblo.ar\/index.php?rest_route=%2Fwp%2Fv2%2Fcategories&post=14078"},{"taxonomy":"post_tag","embeddable":true,"href":"http:\/\/fmdelpueblo.ar\/index.php?rest_route=%2Fwp%2Fv2%2Ftags&post=14078"}],"curies":[{"name":"wp","href":"https:\/\/api.w.org\/{rel}","templated":true}]}}