{"id":14077,"date":"2022-04-29T22:09:40","date_gmt":"2022-04-29T22:09:40","guid":{"rendered":"https:\/\/fmdelpueblo.ar\/?p=14077"},"modified":"2022-04-29T22:09:40","modified_gmt":"2022-04-29T22:09:40","slug":"por-una-respuesta-sobre-venezuela-vidal-comparo-a-cerruti-con-lizy-tagliani-y-se-cruzaron-en-redes","status":"publish","type":"post","link":"http:\/\/fmdelpueblo.ar\/?p=14077","title":{"rendered":"Por una respuesta sobre Venezuela, Vidal compar\u00f3 a Cerruti con Lizy Tagliani y se cruzaron en redes"},"content":{"rendered":"<\/p>\n<p>La ex gobernadora consider\u00f3 \u00absarasa\u00bb los dichos de la vocera presidencial, que redobl\u00f3 la apuesta y pregunt\u00f3 sobre la Gestapo antisindical. Video <a href=\"https:\/\/www.perfil.com\/noticias\/actualidad\/por-venezuela-vidal-comparo-a-cerruti-con-lizy-tagliani-y-se-cruzaron-en-las-redes-sociales.phtml\">Leer m\u00e1s<\/a><\/p>\n","protected":false},"excerpt":{"rendered":"<p>La ex gobernadora consider\u00f3 \u00absarasa\u00bb los dichos de la vocera presidencial, que redobl\u00f3 la apuesta y pregunt\u00f3 sobre la Gestapo antisindical. Video Leer m\u00e1s<\/p>\n","protected":false},"author":0,"featured_media":0,"comment_status":"","ping_status":"","sticky":false,"template":"","format":"standard","meta":{"footnotes":""},"categories":[1],"tags":[],"class_list":["post-14077","post","type-post","status-publish","format-standard","hentry","category-sin-categoria"],"_links":{"self":[{"href":"http:\/\/fmdelpueblo.ar\/index.php?rest_route=\/wp\/v2\/posts\/14077","targetHints":{"allow":["GET"]}}],"collection":[{"href":"http:\/\/fmdelpueblo.ar\/index.php?rest_route=\/wp\/v2\/posts"}],"about":[{"href":"http:\/\/fmdelpueblo.ar\/index.php?rest_route=\/wp\/v2\/types\/post"}],"replies":[{"embeddable":true,"href":"http:\/\/fmdelpueblo.ar\/index.php?rest_route=%2Fwp%2Fv2%2Fcomments&post=14077"}],"version-history":[{"count":0,"href":"http:\/\/fmdelpueblo.ar\/index.php?rest_route=\/wp\/v2\/posts\/14077\/revisions"}],"wp:attachment":[{"href":"http:\/\/fmdelpueblo.ar\/index.php?rest_route=%2Fwp%2Fv2%2Fmedia&parent=14077"}],"wp:term":[{"taxonomy":"category","embeddable":true,"href":"http:\/\/fmdelpueblo.ar\/index.php?rest_route=%2Fwp%2Fv2%2Fcategories&post=14077"},{"taxonomy":"post_tag","embeddable":true,"href":"http:\/\/fmdelpueblo.ar\/index.php?rest_route=%2Fwp%2Fv2%2Ftags&post=14077"}],"curies":[{"name":"wp","href":"https:\/\/api.w.org\/{rel}","templated":true}]}}