{"id":14073,"date":"2022-04-29T21:09:28","date_gmt":"2022-04-29T21:09:28","guid":{"rendered":"https:\/\/fmdelpueblo.ar\/?p=14073"},"modified":"2022-04-29T21:09:28","modified_gmt":"2022-04-29T21:09:28","slug":"hugo-yasky-este-es-un-gobierno-ausente-sin-ideas-y-sin-coraje-politico","status":"publish","type":"post","link":"http:\/\/fmdelpueblo.ar\/?p=14073","title":{"rendered":"Hugo Yasky: \u00ab\u00c9ste es un gobierno ausente, sin ideas y sin coraje pol\u00edtico\u00bb"},"content":{"rendered":"<\/p>\n<p>El titular de la CTA y diputado nacional critic\u00f3 la postura de la administraci\u00f3n de Alberto Fern\u00e1ndez respecto a la distribuci\u00f3n de la riqueza. <a href=\"https:\/\/www.perfil.com\/noticias\/economia\/hugo-yasky-este-es-un-gobierno-ausente-sin-ideas-y-sin-coraje-politico.phtml\">Leer m\u00e1s<\/a><\/p>\n","protected":false},"excerpt":{"rendered":"<p>El titular de la CTA y diputado nacional critic\u00f3 la postura de la administraci\u00f3n de Alberto Fern\u00e1ndez respecto a la distribuci\u00f3n de la riqueza. Leer m\u00e1s<\/p>\n","protected":false},"author":0,"featured_media":0,"comment_status":"","ping_status":"","sticky":false,"template":"","format":"standard","meta":{"footnotes":""},"categories":[1],"tags":[],"class_list":["post-14073","post","type-post","status-publish","format-standard","hentry","category-sin-categoria"],"_links":{"self":[{"href":"http:\/\/fmdelpueblo.ar\/index.php?rest_route=\/wp\/v2\/posts\/14073","targetHints":{"allow":["GET"]}}],"collection":[{"href":"http:\/\/fmdelpueblo.ar\/index.php?rest_route=\/wp\/v2\/posts"}],"about":[{"href":"http:\/\/fmdelpueblo.ar\/index.php?rest_route=\/wp\/v2\/types\/post"}],"replies":[{"embeddable":true,"href":"http:\/\/fmdelpueblo.ar\/index.php?rest_route=%2Fwp%2Fv2%2Fcomments&post=14073"}],"version-history":[{"count":0,"href":"http:\/\/fmdelpueblo.ar\/index.php?rest_route=\/wp\/v2\/posts\/14073\/revisions"}],"wp:attachment":[{"href":"http:\/\/fmdelpueblo.ar\/index.php?rest_route=%2Fwp%2Fv2%2Fmedia&parent=14073"}],"wp:term":[{"taxonomy":"category","embeddable":true,"href":"http:\/\/fmdelpueblo.ar\/index.php?rest_route=%2Fwp%2Fv2%2Fcategories&post=14073"},{"taxonomy":"post_tag","embeddable":true,"href":"http:\/\/fmdelpueblo.ar\/index.php?rest_route=%2Fwp%2Fv2%2Ftags&post=14073"}],"curies":[{"name":"wp","href":"https:\/\/api.w.org\/{rel}","templated":true}]}}